{"id":95671,"date":"2021-09-03T10:23:36","date_gmt":"2021-09-03T10:23:36","guid":{"rendered":"https:\/\/colimdo.org\/?p=95671"},"modified":"2021-09-03T10:23:36","modified_gmt":"2021-09-03T10:23:36","slug":"luis-vasquez-la-final-400-metros-paralimpicos-tokio","status":"publish","type":"post","link":"https:\/\/colimdo.org\/noticias\/luis-vasquez-la-final-400-metros-paralimpicos-tokio\/","title":{"rendered":"Luis V\u00e1squez a la final 400 metros en Paral\u00edmpicos Tokio"},"content":{"rendered":"<p><strong>David A. Hern\u00e1ndez, SANTO DOMINGO.-<\/strong> El velocista Luis V\u00e1squez clasific\u00f3 a la final de los 400 metros masculinos, clase T-47, en los Paral\u00edmpicos de Tokio 2020.<\/p>\n<p>Finaliz\u00f3 tercero del heat 2 con tiempo de 50:94 segundos, siendo el octavo mejor registro general de la ronda clasificatoria.<\/p>\n<p>V\u00e1squez, qui\u00e9n corri\u00f3 en el sexto carril, fue superado por el brasile\u00f1o Thomaz de Moraes (49:95) y el estadounidense Taner Wright (50:10).<\/p>\n<p>La final de la prueba ser\u00e1 disputada el pr\u00f3ximo s\u00e1bado, a las 8:01 de la ma\u00f1ana.<\/p>\n","protected":false},"excerpt":{"rendered":"<p>David A. Hern\u00e1ndez, SANTO DOMINGO.- El velocista Luis V\u00e1squez clasific\u00f3 a la final de los 400 metros masculinos, clase T-47, en los Paral\u00edmpicos de Tokio 2020. Finaliz\u00f3 tercero del heat 2 con tiempo de 50:94 segundos, siendo el octavo mejor registro general de la ronda clasificatoria. V\u00e1squez, qui\u00e9n corri\u00f3 en el sexto carril, fue superado [&hellip;]<\/p>\n","protected":false},"author":20,"featured_media":95672,"comment_status":"closed","ping_status":"closed","sticky":false,"template":"","format":"standard","meta":[],"categories":[3,2,79855,60],"tags":[79718],"acf":[],"_links":{"self":[{"href":"https:\/\/colimdo.org\/wp-api\/wp\/v2\/posts\/95671"}],"collection":[{"href":"https:\/\/colimdo.org\/wp-api\/wp\/v2\/posts"}],"about":[{"href":"https:\/\/colimdo.org\/wp-api\/wp\/v2\/types\/post"}],"author":[{"embeddable":true,"href":"https:\/\/colimdo.org\/wp-api\/wp\/v2\/users\/20"}],"replies":[{"embeddable":true,"href":"https:\/\/colimdo.org\/wp-api\/wp\/v2\/comments?post=95671"}],"version-history":[{"count":1,"href":"https:\/\/colimdo.org\/wp-api\/wp\/v2\/posts\/95671\/revisions"}],"predecessor-version":[{"id":95673,"href":"https:\/\/colimdo.org\/wp-api\/wp\/v2\/posts\/95671\/revisions\/95673"}],"wp:featuredmedia":[{"embeddable":true,"href":"https:\/\/colimdo.org\/wp-api\/wp\/v2\/media\/95672"}],"wp:attachment":[{"href":"https:\/\/colimdo.org\/wp-api\/wp\/v2\/media?parent=95671"}],"wp:term":[{"taxonomy":"category","embeddable":true,"href":"https:\/\/colimdo.org\/wp-api\/wp\/v2\/categories?post=95671"},{"taxonomy":"post_tag","embeddable":true,"href":"https:\/\/colimdo.org\/wp-api\/wp\/v2\/tags?post=95671"}],"curies":[{"name":"wp","href":"https:\/\/api.w.org\/{rel}","templated":true}]}}