{"id":95674,"date":"2021-09-03T14:06:26","date_gmt":"2021-09-03T14:06:26","guid":{"rendered":"https:\/\/colimdo.org\/?p=95674"},"modified":"2021-09-03T14:07:41","modified_gmt":"2021-09-03T14:07:41","slug":"marileidy-paulino-paralimpicos-ya-campeones","status":"publish","type":"post","link":"https:\/\/colimdo.org\/noticias\/marileidy-paulino-paralimpicos-ya-campeones\/","title":{"rendered":"Marileidy Paulino a paral\u00edmpicos: &#8220;Ya son campeones&#8221;"},"content":{"rendered":"<p><strong>Jorge Luis Torres, SANTO DOMINGO.-\u00a0<\/strong>&#8220;Con el simple hecho de estar ah\u00ed ya son campeones&#8221;, manifest\u00f3 la atleta ol\u00edmpica, Marileidy Paulino refiri\u00e9ndose a la participaci\u00f3n de los deportistas paral\u00edmpicos que est\u00e1n tomando parte en los Juegos Paral\u00edmpicos de Tokio 2020.<\/p>\n<p>La velocista, ganadora de dos preseas plateadas en los reci\u00e9n acabados Juegos Ol\u00edmpicos, destac\u00f3 la labor de los atletas que hasta el momento, aseguraron el diploma paral\u00edmpico que cataloga como buena su participaci\u00f3n.<\/p>\n<p>&#8220;Ellos pueden hacer grande cosas al igual que yo, ellos lo har\u00e1n Dios mediante. Conf\u00edo en ellos&#8221;, escribi\u00f3 Marileidy en su cuenta oficial de Twitter.<\/p>\n<p>https:\/\/twitter.com\/Marileidy_P\/status\/1433037657928503302<\/p>\n<p>Alejandra Aybar, Jos\u00e9 Manuel Abud, Patricio L\u00f3pez y Darlenys de la Cruz, son los paral\u00edmpicos consiguieron el diploma que otorga el Comit\u00e9 Ol\u00edmpico Internacional a los para-atletas que queden entre los mejores ocho puestos.<\/p>\n<p>Luis Andr\u00e9s V\u00e1squez correr\u00e1 en la final de los 400 metros planos. En caso de que el para-velocista logre una buena salida, tambi\u00e9n obtendr\u00e1 mencionado diploma.<\/p>\n<p>Marileidy Paulino logr\u00f3 alzarse con dos medallas de plata, una en la modalidad de los 400 metros planos individual y la otra en el equipo de 4&#215;400 mixtos.<\/p>\n","protected":false},"excerpt":{"rendered":"<p>&#8220;Ellos pueden hacer grande cosas al igual que yo, ellos lo har\u00e1n Dios mediante. Conf\u00edo en ellos&#8221;, escribi\u00f3 Marileidy en su cuenta oficial de Twitter.<\/p>\n","protected":false},"author":19,"featured_media":95675,"comment_status":"closed","ping_status":"closed","sticky":false,"template":"","format":"standard","meta":[],"categories":[3,2],"tags":[79718,81195],"acf":[],"_links":{"self":[{"href":"https:\/\/colimdo.org\/wp-api\/wp\/v2\/posts\/95674"}],"collection":[{"href":"https:\/\/colimdo.org\/wp-api\/wp\/v2\/posts"}],"about":[{"href":"https:\/\/colimdo.org\/wp-api\/wp\/v2\/types\/post"}],"author":[{"embeddable":true,"href":"https:\/\/colimdo.org\/wp-api\/wp\/v2\/users\/19"}],"replies":[{"embeddable":true,"href":"https:\/\/colimdo.org\/wp-api\/wp\/v2\/comments?post=95674"}],"version-history":[{"count":2,"href":"https:\/\/colimdo.org\/wp-api\/wp\/v2\/posts\/95674\/revisions"}],"predecessor-version":[{"id":95677,"href":"https:\/\/colimdo.org\/wp-api\/wp\/v2\/posts\/95674\/revisions\/95677"}],"wp:featuredmedia":[{"embeddable":true,"href":"https:\/\/colimdo.org\/wp-api\/wp\/v2\/media\/95675"}],"wp:attachment":[{"href":"https:\/\/colimdo.org\/wp-api\/wp\/v2\/media?parent=95674"}],"wp:term":[{"taxonomy":"category","embeddable":true,"href":"https:\/\/colimdo.org\/wp-api\/wp\/v2\/categories?post=95674"},{"taxonomy":"post_tag","embeddable":true,"href":"https:\/\/colimdo.org\/wp-api\/wp\/v2\/tags?post=95674"}],"curies":[{"name":"wp","href":"https:\/\/api.w.org\/{rel}","templated":true}]}}