{"id":95706,"date":"2021-09-04T01:07:21","date_gmt":"2021-09-04T01:07:21","guid":{"rendered":"https:\/\/colimdo.org\/?p=95706"},"modified":"2021-09-04T01:07:21","modified_gmt":"2021-09-04T01:07:21","slug":"primer-ministro-japon-renunciara-tras-mal-manejo-la-pandemia","status":"publish","type":"post","link":"https:\/\/colimdo.org\/noticias\/primer-ministro-japon-renunciara-tras-mal-manejo-la-pandemia\/","title":{"rendered":"Primer ministro Jap\u00f3n renunciar\u00e1 tras mal manejo de la pandemia"},"content":{"rendered":"<p>El primer ministro japon\u00e9s, Yoshihide Suga, manifest\u00f3 su intenci\u00f3n de renunciar a su cargo en medio de cr\u00edticas del p\u00fablico por su manejo de la pandemia de COVID-19.<\/p>\n<p>Su declaraci\u00f3n se produce a dos d\u00edas del final de los Juegos Paral\u00edmpicos de Tokio 2020, que junto con los Juegos Ol\u00edmpicos, ha sido una de sus tareas clave de gesti\u00f3n durante su breve mandato como l\u00edder democr\u00e1tico de la naci\u00f3n.<\/p>\n<p>Suga reemplaz\u00f3 al antiguo Shinzo Abe como primer ministro el 16 de septiembre del a\u00f1o pasado, despu\u00e9s de haber pasado siete a\u00f1os como secretario principal del gabinete de su predecesor.<\/p>\n<p>Hizo el anuncio antes de las elecciones presidenciales del gobernante Partido Liberal Democr\u00e1tico el 29 de septiembre, y la campa\u00f1a comenzar\u00e1 dentro de dos semanas el 17 de septiembre.<\/p>\n<p>&#8220;Hab\u00eda planeado postularme, pero lidiar con COVID-19 y la elecci\u00f3n requerir\u00eda una enorme cantidad de energ\u00eda&#8221;, dijo Suga a los periodistas, seg\u00fan Kyodo News .<\/p>\n<p>&nbsp;<\/p>\n<p>Est\u00e1 previsto que cumpla su mandato, que finaliza el 30 de septiembre.<\/p>\n<p>Los datos de Real Politics Japan informaron que Suga ten\u00eda un \u00edndice de aprobaci\u00f3n r\u00e9cord bajo del 30,4 por ciento en agosto, lo que muestra el descontento con el manejo del COVID-19 por parte del gobierno japon\u00e9s.<\/p>\n<p>El exministro de Relaciones Exteriores Fumio Kishida ya se ha anunciado a s\u00ed mismo como posible sucesor, mientras que el exministro de Asuntos Internos y Comunicaciones Sanae Takaichi ha expresado su inter\u00e9s en postularse.<\/p>\n<p>Takaichi dijo anteriormente que estaba &#8220;consternada&#8221; por la indecisi\u00f3n de Suga sobre la carrera, y ahora aparentemente se ha retirado debido a la falta de apoyo p\u00fablico.<\/p>\n<p>Las medidas del estado de emergencia COVID-19 se han extendido en Tokio hasta el 12 de septiembre y se han ampliado para cubrir 21 de las 47 prefecturas del pa\u00eds a medida que los hospitales contin\u00faan bajo presi\u00f3n.<\/p>\n<p>Los Juegos Ol\u00edmpicos y Paral\u00edmpicos de Tokio 2020 se han celebrado en Jap\u00f3n, a pesar de la importante oposici\u00f3n del p\u00fablico.<\/p>\n<p>Los investigadores de mercado Ipsos revelaron en julio que m\u00e1s de las tres cuartas partes de los encuestados japoneses creen que los Juegos no deben enviar un cabo debido a la pandemia.<\/p>\n<p>Los casos de COVID-19 se han disparado desde el inicio de los Juegos Ol\u00edmpicos, pasando de aproximadamente 3,000 casos por d\u00eda a m\u00e1s de 20,000 la mayor\u00eda de los d\u00edas desde el 19 de agosto.<\/p>\n<p>Ayer, Jap\u00f3n inform\u00f3 de 82 muertes, la tasa diaria m\u00e1s alta desde mediados de junio.<\/p>\n<p>&nbsp;<\/p>\n","protected":false},"excerpt":{"rendered":"<p>El primer ministro japon\u00e9s, Yoshihide Suga, manifest\u00f3 su intenci\u00f3n de renunciar a su cargo en medio de cr\u00edticas del p\u00fablico por su manejo de la pandemia de COVID-19.<\/p>\n","protected":false},"author":19,"featured_media":95707,"comment_status":"closed","ping_status":"closed","sticky":false,"template":"","format":"standard","meta":[],"categories":[2,60],"tags":[79718,25580],"acf":[],"_links":{"self":[{"href":"https:\/\/colimdo.org\/wp-api\/wp\/v2\/posts\/95706"}],"collection":[{"href":"https:\/\/colimdo.org\/wp-api\/wp\/v2\/posts"}],"about":[{"href":"https:\/\/colimdo.org\/wp-api\/wp\/v2\/types\/post"}],"author":[{"embeddable":true,"href":"https:\/\/colimdo.org\/wp-api\/wp\/v2\/users\/19"}],"replies":[{"embeddable":true,"href":"https:\/\/colimdo.org\/wp-api\/wp\/v2\/comments?post=95706"}],"version-history":[{"count":1,"href":"https:\/\/colimdo.org\/wp-api\/wp\/v2\/posts\/95706\/revisions"}],"predecessor-version":[{"id":95708,"href":"https:\/\/colimdo.org\/wp-api\/wp\/v2\/posts\/95706\/revisions\/95708"}],"wp:featuredmedia":[{"embeddable":true,"href":"https:\/\/colimdo.org\/wp-api\/wp\/v2\/media\/95707"}],"wp:attachment":[{"href":"https:\/\/colimdo.org\/wp-api\/wp\/v2\/media?parent=95706"}],"wp:term":[{"taxonomy":"category","embeddable":true,"href":"https:\/\/colimdo.org\/wp-api\/wp\/v2\/categories?post=95706"},{"taxonomy":"post_tag","embeddable":true,"href":"https:\/\/colimdo.org\/wp-api\/wp\/v2\/tags?post=95706"}],"curies":[{"name":"wp","href":"https:\/\/api.w.org\/{rel}","templated":true}]}}