{"id":95724,"date":"2021-09-04T14:44:02","date_gmt":"2021-09-04T14:44:02","guid":{"rendered":"https:\/\/colimdo.org\/?p=95724"},"modified":"2021-09-04T14:45:29","modified_gmt":"2021-09-04T14:45:29","slug":"luis-vasquez-queda-quinto-en-400-metros-obtiene-diploma-paralimpico","status":"publish","type":"post","link":"https:\/\/colimdo.org\/noticias\/luis-vasquez-queda-quinto-en-400-metros-obtiene-diploma-paralimpico\/","title":{"rendered":"Luis V\u00e1squez queda quinto en 400 metros, obtiene Diploma Paral\u00edmpico"},"content":{"rendered":"<p><strong>David A. Hern\u00e1ndez, SANTO DOMINGO.-<\/strong> El velocista Luis V\u00e1squez culmin\u00f3 quinto en la final de los 400 metros, clase T-47, en los Juegos Paral\u00edmpicos de Tokio.<\/p>\n<p>Los 49.61 segundos que registr\u00f3 le valieron para obtener Diploma Paral\u00edmpico, el quinto logrado por la delegaci\u00f3n de la Rep\u00fablica Dominicana en la presente cita paral\u00edmpica.<\/p>\n<p>V\u00e1squez, quien alcanz\u00f3 su mejor marca, fue superado por el marroqu\u00ed Ayoub Sadni (47.38), ganador del oro, seguido de los brasile\u00f1os Thomaz Ruan de Moraes (47.87) y Petrucio Ferreira (48.04), los cuales respectivamente se quedaron con la plata y el bronce.<\/p>\n<p>El Diploma Paral\u00edmpico obtenido por el nativo de Tamayo, Bahoruco, lo une a Jos\u00e9 Manuel Abud, quien culmin\u00f3 s\u00e9ptimo en los menos 65 kilogramos de para-levantamiento de pesas, as\u00ed como al para-nadador Patricio L\u00f3pez, el cual qued\u00f3 octavo en los 50 metros pecho de la clase SB2.<\/p>\n<p>Tambi\u00e9n a Darlenys de la Cruz, que finaliz\u00f3 cuarta en los 100 metros femeninos de atletismo, clase T-12, y a la para-nadadora Alejandra Aybar, quien termin\u00f3 en la octava posici\u00f3n de los 100 metros mariposa, clase S8.<\/p>\n<p>Con esta actuaci\u00f3n, la representaci\u00f3n m\u00e1s numerosa de atletas en unos Juegos Paral\u00edmpicos, con cinco, finaliz\u00f3 su participaci\u00f3n en Tokio 2020 haciendo historia al culminar con cada uno de sus representantes dentro de las mejores ocho posiciones del principal certamen paral\u00edmpico.<\/p>\n<p>&nbsp;<\/p>\n","protected":false},"excerpt":{"rendered":"<p>Los 49.61 segundos que registr\u00f3 le valieron para obtener Diploma Paral\u00edmpico, el quinto logrado por la delegaci\u00f3n de la Rep\u00fablica Dominicana en la presente cita paral\u00edmpica.<\/p>\n","protected":false},"author":20,"featured_media":95725,"comment_status":"closed","ping_status":"closed","sticky":false,"template":"","format":"standard","meta":[],"categories":[3,2,79855,60],"tags":[79718,80740,25580],"acf":[],"_links":{"self":[{"href":"https:\/\/colimdo.org\/wp-api\/wp\/v2\/posts\/95724"}],"collection":[{"href":"https:\/\/colimdo.org\/wp-api\/wp\/v2\/posts"}],"about":[{"href":"https:\/\/colimdo.org\/wp-api\/wp\/v2\/types\/post"}],"author":[{"embeddable":true,"href":"https:\/\/colimdo.org\/wp-api\/wp\/v2\/users\/20"}],"replies":[{"embeddable":true,"href":"https:\/\/colimdo.org\/wp-api\/wp\/v2\/comments?post=95724"}],"version-history":[{"count":3,"href":"https:\/\/colimdo.org\/wp-api\/wp\/v2\/posts\/95724\/revisions"}],"predecessor-version":[{"id":95728,"href":"https:\/\/colimdo.org\/wp-api\/wp\/v2\/posts\/95724\/revisions\/95728"}],"wp:featuredmedia":[{"embeddable":true,"href":"https:\/\/colimdo.org\/wp-api\/wp\/v2\/media\/95725"}],"wp:attachment":[{"href":"https:\/\/colimdo.org\/wp-api\/wp\/v2\/media?parent=95724"}],"wp:term":[{"taxonomy":"category","embeddable":true,"href":"https:\/\/colimdo.org\/wp-api\/wp\/v2\/categories?post=95724"},{"taxonomy":"post_tag","embeddable":true,"href":"https:\/\/colimdo.org\/wp-api\/wp\/v2\/tags?post=95724"}],"curies":[{"name":"wp","href":"https:\/\/api.w.org\/{rel}","templated":true}]}}