{"id":95773,"date":"2021-09-05T15:45:47","date_gmt":"2021-09-05T15:45:47","guid":{"rendered":"https:\/\/colimdo.org\/?p=95773"},"modified":"2021-09-05T15:45:47","modified_gmt":"2021-09-05T15:45:47","slug":"verstappen-nuevo-lider-tras-ganar-gran-premio-paises-bajos","status":"publish","type":"post","link":"https:\/\/colimdo.org\/noticias\/verstappen-nuevo-lider-tras-ganar-gran-premio-paises-bajos\/","title":{"rendered":"Verstappen, nuevo l\u00edder tras ganar el Gran Premio de Pa\u00edses Bajos"},"content":{"rendered":"<p>EFE.- El holand\u00e9s Max Verstappen (Red Bull) recuper\u00f3 el liderato en el Mundial de F\u00f3rmula Uno al ganar este domingo el Gran Premio de los Pa\u00edses Bajos, el decimotercero del campeonato, que se disput\u00f3 en el circuito de Zandvoort.<\/p>\n<p>Verstappen logr\u00f3 su decimos\u00e9ptima victoria en la F1, la s\u00e9ptima del a\u00f1o, ante su afici\u00f3n, que llen\u00f3 las gradas de Zandvoort, donde gan\u00f3 por delante de los dos Mercedes, el del siete veces campe\u00f3n del mundo ingl\u00e9s Lewis Hamilton -a quien arrebat\u00f3 el liderato y que marc\u00f3 la vuelta r\u00e1pida- y el del finland\u00e9s Valtteri Bottas, que fueron segundo y tercero, respectivamente.<\/p>\n<p>Los espa\u00f1oles Fernando Alonso (Alpine) y Carlos Sainz (Ferrari) concluyeron sexto y s\u00e9ptimo, respectivamente, una carrera que el mexicano Sergio P\u00e9rez (Red Bull), que hab\u00eda tomado la salida desde el &#8216;pit lane&#8217;, protagoniz\u00f3 la gran remontada para acabar en octava posici\u00f3n.<\/p>\n<p>&nbsp;<\/p>\n<p>El franc\u00e9s Pierre Gasly (Alpha Tauri) acab\u00f3 cuarto, por delante del monegasco Charles Leclerc (Ferrari) que acab\u00f3 por delante de los dos espa\u00f1oles.<\/p>\n<p>&#8216;Checo&#8217; acab\u00f3 octavo por delante del franc\u00e9s Esteban Ocon (Alpine) y del ingl\u00e9s Lando Norris (McLaren), que fueron noveno y d\u00e9cimo este domingo en Zandvoort.<\/p>\n<p>El siguiente Gran Premio, el de Italia, se disputar\u00e1 el pr\u00f3ximo fin de semana en Monza, adonde Verstappen llegar\u00e1 con tres puntos de ventaja (227,5 frente a 224,5) sobre Hamilton.<\/p>\n","protected":false},"excerpt":{"rendered":"<p>Verstappen logr\u00f3 su decimos\u00e9ptima victoria en la F1, la s\u00e9ptima del a\u00f1o, ante su afici\u00f3n, que llen\u00f3 las gradas de Zandvoort.<\/p>\n","protected":false},"author":20,"featured_media":95774,"comment_status":"closed","ping_status":"closed","sticky":false,"template":"","format":"standard","meta":[],"categories":[5,2,60],"tags":[79718,81464],"acf":[],"_links":{"self":[{"href":"https:\/\/colimdo.org\/wp-api\/wp\/v2\/posts\/95773"}],"collection":[{"href":"https:\/\/colimdo.org\/wp-api\/wp\/v2\/posts"}],"about":[{"href":"https:\/\/colimdo.org\/wp-api\/wp\/v2\/types\/post"}],"author":[{"embeddable":true,"href":"https:\/\/colimdo.org\/wp-api\/wp\/v2\/users\/20"}],"replies":[{"embeddable":true,"href":"https:\/\/colimdo.org\/wp-api\/wp\/v2\/comments?post=95773"}],"version-history":[{"count":1,"href":"https:\/\/colimdo.org\/wp-api\/wp\/v2\/posts\/95773\/revisions"}],"predecessor-version":[{"id":95775,"href":"https:\/\/colimdo.org\/wp-api\/wp\/v2\/posts\/95773\/revisions\/95775"}],"wp:featuredmedia":[{"embeddable":true,"href":"https:\/\/colimdo.org\/wp-api\/wp\/v2\/media\/95774"}],"wp:attachment":[{"href":"https:\/\/colimdo.org\/wp-api\/wp\/v2\/media?parent=95773"}],"wp:term":[{"taxonomy":"category","embeddable":true,"href":"https:\/\/colimdo.org\/wp-api\/wp\/v2\/categories?post=95773"},{"taxonomy":"post_tag","embeddable":true,"href":"https:\/\/colimdo.org\/wp-api\/wp\/v2\/tags?post=95773"}],"curies":[{"name":"wp","href":"https:\/\/api.w.org\/{rel}","templated":true}]}}