{"id":95803,"date":"2021-09-06T13:46:33","date_gmt":"2021-09-06T13:46:33","guid":{"rendered":"https:\/\/colimdo.org\/?p=95803"},"modified":"2021-09-06T13:47:52","modified_gmt":"2021-09-06T13:47:52","slug":"tom-brady-revela-contrajo-covid-19-tras-desfile-super-bowl","status":"publish","type":"post","link":"https:\/\/colimdo.org\/noticias\/tom-brady-revela-contrajo-covid-19-tras-desfile-super-bowl\/","title":{"rendered":"Tom Brady revela que contrajo Covid tras desfile de Super Bowl"},"content":{"rendered":"<p>ESPN.-\u00a0El mariscal de campo de los Tampa Bay Buccaneers, Tom Brady, no solo tuvo un susto el a\u00f1o pasado cuando sus padres dieron positivo por COVID-19, sino que tambi\u00e9n \u00e9l fue diagnosticado con la enfermedad en febrero.<\/p>\n<p>En una entrevista con el Tampa Bay Times, Brady revel\u00f3 que dio positivo por coronavirus en febrero, poco despu\u00e9s del desfile de Super Bowl en bote de los Bucs.<\/p>\n<p>Brady tambi\u00e9n dijo que cree que el coronavirus ser\u00e1 un desaf\u00edo a\u00fan mayor este a\u00f1o, a pesar que los Bucs ahora tienen un \u00edndice de vacunaci\u00f3n del 100 por ciento, convirti\u00e9ndose apenas en el segundo equipo de la NFL en alcanzar ese porcentaje, detr\u00e1s de los Atlanta Falcons.<\/p>\n<p>&#8220;De hecho creo que va a ser un factor m\u00e1s importante este a\u00f1o que el pasado, debido a la manera en que lo estamos haciendo ahora, por c\u00f3mo se ver\u00e1 el estadio, c\u00f3mo ser\u00e1 el viaje, la gente en las instalaciones y los aficionados&#8221;, declar\u00f3 Brady. &#8220;No es como el a\u00f1o pasado, aunque nos est\u00e1n haciendo pruebas como el a\u00f1o pasado.<\/p>\n<p>&nbsp;<\/p>\n","protected":false},"excerpt":{"rendered":"<p>En una entrevista con el Tampa Bay Times, Brady revel\u00f3 que dio positivo por coronavirus en febrero, poco despu\u00e9s del desfile de Super Bowl en bote de los Bucs.<\/p>\n","protected":false},"author":19,"featured_media":95804,"comment_status":"closed","ping_status":"closed","sticky":false,"template":"","format":"standard","meta":[],"categories":[2,60],"tags":[79718,80024],"acf":[],"_links":{"self":[{"href":"https:\/\/colimdo.org\/wp-api\/wp\/v2\/posts\/95803"}],"collection":[{"href":"https:\/\/colimdo.org\/wp-api\/wp\/v2\/posts"}],"about":[{"href":"https:\/\/colimdo.org\/wp-api\/wp\/v2\/types\/post"}],"author":[{"embeddable":true,"href":"https:\/\/colimdo.org\/wp-api\/wp\/v2\/users\/19"}],"replies":[{"embeddable":true,"href":"https:\/\/colimdo.org\/wp-api\/wp\/v2\/comments?post=95803"}],"version-history":[{"count":2,"href":"https:\/\/colimdo.org\/wp-api\/wp\/v2\/posts\/95803\/revisions"}],"predecessor-version":[{"id":95806,"href":"https:\/\/colimdo.org\/wp-api\/wp\/v2\/posts\/95803\/revisions\/95806"}],"wp:featuredmedia":[{"embeddable":true,"href":"https:\/\/colimdo.org\/wp-api\/wp\/v2\/media\/95804"}],"wp:attachment":[{"href":"https:\/\/colimdo.org\/wp-api\/wp\/v2\/media?parent=95803"}],"wp:term":[{"taxonomy":"category","embeddable":true,"href":"https:\/\/colimdo.org\/wp-api\/wp\/v2\/categories?post=95803"},{"taxonomy":"post_tag","embeddable":true,"href":"https:\/\/colimdo.org\/wp-api\/wp\/v2\/tags?post=95803"}],"curies":[{"name":"wp","href":"https:\/\/api.w.org\/{rel}","templated":true}]}}