{"id":95812,"date":"2021-09-06T18:29:21","date_gmt":"2021-09-06T18:29:21","guid":{"rendered":"https:\/\/colimdo.org\/?p=95812"},"modified":"2021-09-06T18:29:21","modified_gmt":"2021-09-06T18:29:21","slug":"expresidente-fernandez-apoya-mayor-partida-economica-al-deporte","status":"publish","type":"post","link":"https:\/\/colimdo.org\/noticias\/expresidente-fernandez-apoya-mayor-partida-economica-al-deporte\/","title":{"rendered":"Expresidente Fern\u00e1ndez apoya mayor partida econ\u00f3mica al deporte"},"content":{"rendered":"<p><strong>SANTO DOMINGO.<\/strong> El expresidente de la Rep\u00fablica, doctor Leonel Fern\u00e1ndez, manifest\u00f3 que el deporte se ha ganado el derecho de solicitar un mayor presupuesto.<\/p>\n<p>El doctor Fern\u00e1ndez se pronunci\u00f3 en esos t\u00e9rminos al recibir una comitiva del Comit\u00e9 Ol\u00edmpico Dominicano (COD), encabezada por el presidente del organismo, licenciado Antonio Acosta.<\/p>\n<p>\u201cCreo que los montos que solicitan no son exagerados. Uno de los potenciales de Rep\u00fablica Dominicana es el deporte\u201d, dijo el doctor Fern\u00e1ndez durante el encuentro celebrado en uno de los salones de la Fundaci\u00f3n Global y Desarrollo (FUNGLODE).<\/p>\n<p>El presidente del COD, Acosta, se hizo acompa\u00f1ar de los licenciados Luis Chanlatte y Gerardo Suero Correa, miembros del comit\u00e9 ejecutivo del organismo.<\/p>\n<p>\u201cPrometo conversar con los senadores y diputados de mi partido Fuerza del Pueblo para que apoyen esta iniciativa\u201d, agreg\u00f3 el doctor Fern\u00e1ndez.<\/p>\n<p>El licenciado Acosta hizo una exposici\u00f3n de las partidas del COD en el presupuesto y el crecimiento del n\u00famero de federaciones, por lo que, seg\u00fan explic\u00f3, se requiere de un aumento para poder trabajar en el fomento y desarrollo del deporte.<\/p>\n<p>Dijo que, para el ciclo ol\u00edmpico, que ha de concluir en Par\u00eds 2024, se requiere un aumento sustancial y que el presidente de la Rep\u00fablica, Luis Abinader, prometi\u00f3 que destinar\u00e1 m\u00e1s fondos. \u201cNecesitamos casi mil millones para el deporte\u201d, dijo.<\/p>\n<p>Chanlatte record\u00f3 los compromisos del pa\u00eds en los Primeros Juegos Panamericanos Juveniles que se celebrar\u00e1n en Cali, Colombia, del 25 de noviembre al 5 de diciembre de este a\u00f1o, as\u00ed como los Juegos Centroamericanos y del Caribe de El Salvador, y los Panamericanos de Santiago, Chile.<\/p>\n<p>La visita al expresidente Fern\u00e1ndez forma parte del programa de encuentros con la clase pol\u00edtica de los diferentes partidos que realiza el COD con el objetivo de lograr un consenso sobre m\u00e1s recursos para el deporte.<\/p>\n<p>En el encuentro tambi\u00e9n intervino el licenciado Felipe Payano, ex secretario de Deportes, quien record\u00f3 los aumentos que hizo a las asignaciones de las federaciones y al COD.<\/p>\n<p>&nbsp;<\/p>\n","protected":false},"excerpt":{"rendered":"<p>Fern\u00e1ndez se pronunci\u00f3 en esos t\u00e9rminos al recibir una comitiva del Comit\u00e9 Ol\u00edmpico Dominicano encabezada por el presidente del organismo, licenciado Antonio Acosta.<\/p>\n","protected":false},"author":19,"featured_media":95813,"comment_status":"closed","ping_status":"closed","sticky":false,"template":"","format":"standard","meta":[],"categories":[3,2],"tags":[79718],"acf":[],"_links":{"self":[{"href":"https:\/\/colimdo.org\/wp-api\/wp\/v2\/posts\/95812"}],"collection":[{"href":"https:\/\/colimdo.org\/wp-api\/wp\/v2\/posts"}],"about":[{"href":"https:\/\/colimdo.org\/wp-api\/wp\/v2\/types\/post"}],"author":[{"embeddable":true,"href":"https:\/\/colimdo.org\/wp-api\/wp\/v2\/users\/19"}],"replies":[{"embeddable":true,"href":"https:\/\/colimdo.org\/wp-api\/wp\/v2\/comments?post=95812"}],"version-history":[{"count":2,"href":"https:\/\/colimdo.org\/wp-api\/wp\/v2\/posts\/95812\/revisions"}],"predecessor-version":[{"id":95815,"href":"https:\/\/colimdo.org\/wp-api\/wp\/v2\/posts\/95812\/revisions\/95815"}],"wp:featuredmedia":[{"embeddable":true,"href":"https:\/\/colimdo.org\/wp-api\/wp\/v2\/media\/95813"}],"wp:attachment":[{"href":"https:\/\/colimdo.org\/wp-api\/wp\/v2\/media?parent=95812"}],"wp:term":[{"taxonomy":"category","embeddable":true,"href":"https:\/\/colimdo.org\/wp-api\/wp\/v2\/categories?post=95812"},{"taxonomy":"post_tag","embeddable":true,"href":"https:\/\/colimdo.org\/wp-api\/wp\/v2\/tags?post=95812"}],"curies":[{"name":"wp","href":"https:\/\/api.w.org\/{rel}","templated":true}]}}