{"id":95818,"date":"2021-09-06T20:47:21","date_gmt":"2021-09-06T20:47:21","guid":{"rendered":"https:\/\/colimdo.org\/?p=95818"},"modified":"2021-09-06T20:47:21","modified_gmt":"2021-09-06T20:47:21","slug":"fedotri-da-inicio-formal-campamento-infantil","status":"publish","type":"post","link":"https:\/\/colimdo.org\/noticias\/fedotri-da-inicio-formal-campamento-infantil\/","title":{"rendered":"Fedotri da inicio formal a campamento infantil"},"content":{"rendered":"<p>La Federaci\u00f3n Dominicana de Triatl\u00f3n (Fedotri) dio formalmente apertura, este viernes, a su campamento infantil en el Centro Ol\u00edmpico Juan Pablo Duarte (COJPD) con la presencia de j\u00f3venes con edades entre los 11 y 14 a\u00f1os, respectivamente.<\/p>\n<p>El acto se celebr\u00f3 en las instalaciones del complejo acu\u00e1tico del COJPD y se extender\u00e1 hasta el d\u00eda ocho del presente mes.<\/p>\n<p>En este primer campamento participan j\u00f3venes talentos pertenecientes a las asociaciones de triatl\u00f3n del Distrito Nacional, Barahona, San Crist\u00f3bal, Gaspar Hern\u00e1ndez, Saman\u00e1, Sabana de la Mar y La Altagracia, quienes reciben diversos tipos de entrenamientos en los diferentes circuitos de esta disciplina deportiva.<\/p>\n<p>El acto estuvo encabezado por Antonio Acosta, presidente del Comit\u00e9 Ol\u00edmpico Dominicano (COD) y Franklin de la Cruz, presidente de Fedotri.<\/p>\n<p>&#8220;Valoramos este tipo de evento que la Federaci\u00f3n de Triatl\u00f3n, en la persona de Franklin de la Cruz, viene realizando con todos estos talentos&#8221;, se\u00f1al\u00f3 Acosta.<\/p>\n<p>Desde el pasado mi\u00e9rcoles, los atletas vienen desarrollando un amplio programa de trabajo, que inlcuye nataci\u00f3n, haciendo \u00e9nfasis en los elementos t\u00e9cnicos, t\u00e1cticos y b\u00e1sicos de este deporte. Tambi\u00e9n reciben instrucciones sobre la carrera a pie, as\u00ed como en la parte aer\u00f3bica.<\/p>\n<p>En la apertura oficial del campamento tambi\u00e9n estuvieron presentes Gilberto Garc\u00eda, secretario general del COD; M\u00f3nica Medero, administradora del patronato del complejo acu\u00e1tico; Freddy Jorge N\u00fa\u00f1ez, presidente de la Federaci\u00f3n Dominicana de Pentatl\u00f3n Moderno; Miguel Rivera, de la Federaci\u00f3n de Balonmano; Luis Cipr\u00edan, de la Federaci\u00f3n de Esgrima; Mar\u00eda Mensen, de la Asociaci\u00f3n de Triatl\u00f3n de Gaspar Hernandez; Johnny Aponte de la Asociaci\u00f3n de Triatl\u00f3n de La Altagracia, y Fanny Marte, coordinadora de desarrollo de Fedotri.<\/p>\n","protected":false},"excerpt":{"rendered":"<p>En este primer campamento participan j\u00f3venes talentos pertenecientes a las asociaciones de triatl\u00f3n .<\/p>\n","protected":false},"author":20,"featured_media":95819,"comment_status":"closed","ping_status":"closed","sticky":false,"template":"","format":"standard","meta":[],"categories":[3,2,60],"tags":[79718,79940],"acf":[],"_links":{"self":[{"href":"https:\/\/colimdo.org\/wp-api\/wp\/v2\/posts\/95818"}],"collection":[{"href":"https:\/\/colimdo.org\/wp-api\/wp\/v2\/posts"}],"about":[{"href":"https:\/\/colimdo.org\/wp-api\/wp\/v2\/types\/post"}],"author":[{"embeddable":true,"href":"https:\/\/colimdo.org\/wp-api\/wp\/v2\/users\/20"}],"replies":[{"embeddable":true,"href":"https:\/\/colimdo.org\/wp-api\/wp\/v2\/comments?post=95818"}],"version-history":[{"count":1,"href":"https:\/\/colimdo.org\/wp-api\/wp\/v2\/posts\/95818\/revisions"}],"predecessor-version":[{"id":95820,"href":"https:\/\/colimdo.org\/wp-api\/wp\/v2\/posts\/95818\/revisions\/95820"}],"wp:featuredmedia":[{"embeddable":true,"href":"https:\/\/colimdo.org\/wp-api\/wp\/v2\/media\/95819"}],"wp:attachment":[{"href":"https:\/\/colimdo.org\/wp-api\/wp\/v2\/media?parent=95818"}],"wp:term":[{"taxonomy":"category","embeddable":true,"href":"https:\/\/colimdo.org\/wp-api\/wp\/v2\/categories?post=95818"},{"taxonomy":"post_tag","embeddable":true,"href":"https:\/\/colimdo.org\/wp-api\/wp\/v2\/tags?post=95818"}],"curies":[{"name":"wp","href":"https:\/\/api.w.org\/{rel}","templated":true}]}}