{"id":95845,"date":"2021-09-07T20:28:24","date_gmt":"2021-09-07T20:28:24","guid":{"rendered":"https:\/\/colimdo.org\/?p=95845"},"modified":"2021-09-07T20:28:24","modified_gmt":"2021-09-07T20:28:24","slug":"cod-recibe-propuesta-asociacion-dominicana-disenadores-moda","status":"publish","type":"post","link":"https:\/\/colimdo.org\/noticias\/cod-recibe-propuesta-asociacion-dominicana-disenadores-moda\/","title":{"rendered":"COD recibe propuesta Asociaci\u00f3n Dominicana Dise\u00f1adores de Moda"},"content":{"rendered":"<div><b>SANTO DOMINGO.-<\/b>\u00a0<span lang=\"ES-DO\">El comit\u00e9 ejecutivo del Comit\u00e9 Ol\u00edmpico Dominicano (COD) recibi\u00f3 10 propuestas de la Asociaci\u00f3n Dominicana de Dise\u00f1adores de Moda en la reuni\u00f3n celebrada este martes en la sede del organismo ol\u00edmpico. \u00a0<\/span><\/div>\n<div><span lang=\"ES-DO\">\u00a0<\/span><\/div>\n<div><span lang=\"ES-DO\">El presidente del COD, licenciado Antonio Acosta, dijo que las 10 propuestas expuestas por la Asociaci\u00f3n Dominicana de Dise\u00f1adores de Moda ser\u00e1n tomadas en consideraci\u00f3n. \u00a0<\/span><\/div>\n<div><span lang=\"ES-DO\">\u00a0<\/span><\/div>\n<div><span lang=\"ES-DO\">Indic\u00f3 que las sugerencias de la Asociaci\u00f3n de Dise\u00f1adores contiene distintos modelos de vestimentas que ser\u00edan tomadas en cuenta para los futuros eventos internacionales como los Juegos Centroamericanos y del Caribe El Salvador 2023 y los Panamericanos de Chile, tambi\u00e9n en el mismo a\u00f1o, as\u00ed como los Juegos Bolivarianos, entre otros. \u00a0<\/span><\/div>\n<div><span lang=\"ES-DO\">\u00a0<\/span><\/div>\n<div><span lang=\"ES-DO\">\u201cHemos recibido un pliego de 10 propuestas de dise\u00f1os que podr\u00edan ser tomados en cuenta para futuros eventos\u201d, coment\u00f3 Acosta. \u00a0<\/span><\/div>\n<div><span lang=\"ES-DO\">\u00a0<\/span><\/div>\n<div><span lang=\"ES-DO\">La representaci\u00f3n de la Asociaci\u00f3n de Dise\u00f1adores de Moda fue recibida por los miembros del comit\u00e9 ejecutivo del COD, presidido por el licenciado Acosta; el licenciado Luis Chanlatte, Gerardo Suero Correa, Jos\u00e9 Luis Ram\u00edrez, Dulce Mar\u00eda Pi\u00f1a, Rafael Villalona, Nelson Ram\u00edrez y Edwin Rodr\u00edguez.\u00a0\u00a0<\/span><\/div>\n<div><span lang=\"ES-DO\">\u00a0<\/span><\/div>\n<div><span lang=\"ES-DO\">La Asociaci\u00f3n Dominicana de Dise\u00f1adores de Moda, representada por su presidenta\u00a0\u00a0<\/span><span lang=\"ES-DO\">Melkis D\u00edaz<\/span><span lang=\"ES-DO\">, hizo la presentaci\u00f3n con la finalidad de que sean tomadas en cuenta sus propuestas para vestir a las delegaciones en eventos internacionales. \u00a0 \u00a0<\/span><\/div>\n<div><span lang=\"ES-DO\">\u00a0<\/span><\/div>\n<div><span lang=\"ES-DO\">D\u00edaz explic\u00f3 el alcance del organismo que dirige y manifest\u00f3 que tienen el personal para garantizar un producto de alta calidad y acorde con las exigencias que demandan. \u00a0 \u00a0<\/span><\/div>\n<div><span lang=\"ES-DO\">\u00a0<\/span><\/div>\n<div><span lang=\"ES-DO\">En el encuentro se hizo la salvedad de que las propuestas deben estar sujetas a la ley 340 sobre contrataciones p\u00fablicas, y que, en cada evento para vestir a la delegaci\u00f3n dominicana, se hacen licitaciones p\u00fablicas. \u00a0<\/span><\/div>\n<div><span lang=\"ES-DO\">\u00a0<\/span><\/div>\n<p><span lang=\"ES-DO\">Al final de la presentaci\u00f3n de las propuestas, Acosta manifest\u00f3 que las mismas ser\u00e1n sometidas a consideraci\u00f3n entre todos los miembros del ejecutivo y dem\u00e1s organismos para arribar a un consenso para su posible aprobaci\u00f3n.<\/span><\/p>\n","protected":false},"excerpt":{"rendered":"<p>El presidente del COD, licenciado Antonio Acosta, dijo que las 10 propuestas expuestas por la Asociaci\u00f3n Dominicana de Dise\u00f1adores de Moda ser\u00e1n tomadas en consideraci\u00f3n.<\/p>\n","protected":false},"author":20,"featured_media":95846,"comment_status":"closed","ping_status":"closed","sticky":false,"template":"","format":"standard","meta":[],"categories":[3,2,60],"tags":[79718],"acf":[],"_links":{"self":[{"href":"https:\/\/colimdo.org\/wp-api\/wp\/v2\/posts\/95845"}],"collection":[{"href":"https:\/\/colimdo.org\/wp-api\/wp\/v2\/posts"}],"about":[{"href":"https:\/\/colimdo.org\/wp-api\/wp\/v2\/types\/post"}],"author":[{"embeddable":true,"href":"https:\/\/colimdo.org\/wp-api\/wp\/v2\/users\/20"}],"replies":[{"embeddable":true,"href":"https:\/\/colimdo.org\/wp-api\/wp\/v2\/comments?post=95845"}],"version-history":[{"count":1,"href":"https:\/\/colimdo.org\/wp-api\/wp\/v2\/posts\/95845\/revisions"}],"predecessor-version":[{"id":95847,"href":"https:\/\/colimdo.org\/wp-api\/wp\/v2\/posts\/95845\/revisions\/95847"}],"wp:featuredmedia":[{"embeddable":true,"href":"https:\/\/colimdo.org\/wp-api\/wp\/v2\/media\/95846"}],"wp:attachment":[{"href":"https:\/\/colimdo.org\/wp-api\/wp\/v2\/media?parent=95845"}],"wp:term":[{"taxonomy":"category","embeddable":true,"href":"https:\/\/colimdo.org\/wp-api\/wp\/v2\/categories?post=95845"},{"taxonomy":"post_tag","embeddable":true,"href":"https:\/\/colimdo.org\/wp-api\/wp\/v2\/tags?post=95845"}],"curies":[{"name":"wp","href":"https:\/\/api.w.org\/{rel}","templated":true}]}}