{"id":95967,"date":"2021-09-10T16:22:26","date_gmt":"2021-09-10T16:22:26","guid":{"rendered":"https:\/\/colimdo.org\/?p=95967"},"modified":"2021-09-10T17:19:39","modified_gmt":"2021-09-10T17:19:39","slug":"miguel-vargas-califica-insuficiente-asignacion-al-deporte","status":"publish","type":"post","link":"https:\/\/colimdo.org\/noticias\/miguel-vargas-califica-insuficiente-asignacion-al-deporte\/","title":{"rendered":"Miguel Vargas califica de \u201cinsuficiente\u201d asignaci\u00f3n al Deporte"},"content":{"rendered":"<p class=\"yiv0587216525MsoNoSpacing\"><span lang=\"ES-DO\"><strong>SANTO DOMINGO.-<\/strong>\u00a0El presidente del Partido Revolucionario Dominicano (PRD), Miguel Vargas Maldonado, consider\u00f3 como \u201cinsuficiente\u201d cualquier asignaci\u00f3n presupuestal que sea destinada al sector deporte. \u00a0<\/span><\/p>\n<p><iframe loading=\"lazy\" width=\"500\" height=\"281\" src=\"https:\/\/www.youtube.com\/embed\/FSgeMrQL4ks?feature=oembed\" frameborder=\"0\" allow=\"accelerometer; autoplay; clipboard-write; encrypted-media; gyroscope; picture-in-picture\" allowfullscreen><\/iframe><\/p>\n<p class=\"yiv0587216525MsoNoSpacing\"><span lang=\"ES-DO\">Para el ex canciller de la Rep\u00fablica, el deporte merece recibir todo el apoyo de la sociedad dominicana. \u00a0<\/span><\/p>\n<p class=\"yiv0587216525MsoNoSpacing\"><span lang=\"ES-DO\">\u201cNuestros deportistas significan alegr\u00eda y uni\u00f3n del pueblo\u201d, expres\u00f3 el reconocido dirigente pol\u00edtico durante una reuni\u00f3n que sostuvo la tarde del jueves con Antonio Acosta y Gilberto Garc\u00eda, presidente y secretario general del Comit\u00e9 Ol\u00edmpico Dominicano, respectivamente. \u00a0<\/span><\/p>\n<p class=\"yiv0587216525MsoNoSpacing\"><span lang=\"ES-DO\">El encuentro form\u00f3 parte de una agenda de visitas que realizan los ejecutivos del COD a los principales l\u00edderes pol\u00edticos del pa\u00eds en busca de conseguir el consenso en la propuesta de un aumento a la partida presupuestaria que destina el Estado al sector deportivo, en especial al de alto rendimiento. \u00a0<\/span><\/p>\n<p class=\"yiv0587216525MsoNoSpacing\"><span lang=\"ES-DO\">Maldonado, uno de los protagonistas del montaje de los Juegos Panamericanos Santo Domingo 2003, asegur\u00f3 a los l\u00edderes del movimiento ol\u00edmpico que apoyar\u00e1 la demanda de un mayor presupuesto al deporte, as\u00ed como cualquiera otra solicitud que realicen.\u00a0<\/span><\/p>\n<p class=\"yiv0587216525MsoNoSpacing\"><span lang=\"ES-DO\">En el encuentro, realizado en la residencia del l\u00edder perredeista, Acosta record\u00f3 que el pa\u00eds viene de obtener cinco medallas en los Juegos Ol\u00edmpicos de Tokio 2020, y que dentro de tres a\u00f1os, cuando se realicen en Par\u00eds, Francia, el pueblo dominicano demandar\u00e1 un mayor desempe\u00f1o, pero que para lograrlo se necesita de un incremento en los fondos que van dirigidos al deporte. \u00a0<\/span><\/p>\n<p class=\"yiv0587216525MsoNoSpacing\"><span lang=\"ES-DO\">\u201cUstedes los l\u00edderes pol\u00edticos deben convertirse en voz para un aumento en la partida que nos asignan\u201d, expres\u00f3 el alto dirigente ol\u00edmpico. \u00a0<\/span><\/p>\n<p><span lang=\"ES-DO\">Durante la tertulia, recordaron las experiencias vividas durante el proceso de organizaci\u00f3n de la cita panamericana Santo Domingo 2003 y los logros obtenidos por la delegaci\u00f3n quisqueyana.<\/span><\/p>\n","protected":false},"excerpt":{"rendered":"<p>Para el ex canciller de la Rep\u00fablica, el deporte merece recibir todo el apoyo de la sociedad dominicana. \u00a0<\/p>\n","protected":false},"author":20,"featured_media":95968,"comment_status":"closed","ping_status":"closed","sticky":false,"template":"","format":"standard","meta":[],"categories":[3,2,79855,60],"tags":[79718,81631],"acf":[],"_links":{"self":[{"href":"https:\/\/colimdo.org\/wp-api\/wp\/v2\/posts\/95967"}],"collection":[{"href":"https:\/\/colimdo.org\/wp-api\/wp\/v2\/posts"}],"about":[{"href":"https:\/\/colimdo.org\/wp-api\/wp\/v2\/types\/post"}],"author":[{"embeddable":true,"href":"https:\/\/colimdo.org\/wp-api\/wp\/v2\/users\/20"}],"replies":[{"embeddable":true,"href":"https:\/\/colimdo.org\/wp-api\/wp\/v2\/comments?post=95967"}],"version-history":[{"count":4,"href":"https:\/\/colimdo.org\/wp-api\/wp\/v2\/posts\/95967\/revisions"}],"predecessor-version":[{"id":95977,"href":"https:\/\/colimdo.org\/wp-api\/wp\/v2\/posts\/95967\/revisions\/95977"}],"wp:featuredmedia":[{"embeddable":true,"href":"https:\/\/colimdo.org\/wp-api\/wp\/v2\/media\/95968"}],"wp:attachment":[{"href":"https:\/\/colimdo.org\/wp-api\/wp\/v2\/media?parent=95967"}],"wp:term":[{"taxonomy":"category","embeddable":true,"href":"https:\/\/colimdo.org\/wp-api\/wp\/v2\/categories?post=95967"},{"taxonomy":"post_tag","embeddable":true,"href":"https:\/\/colimdo.org\/wp-api\/wp\/v2\/tags?post=95967"}],"curies":[{"name":"wp","href":"https:\/\/api.w.org\/{rel}","templated":true}]}}