{"id":96209,"date":"2021-09-16T19:05:46","date_gmt":"2021-09-16T19:05:46","guid":{"rendered":"https:\/\/colimdo.org\/?p=96209"},"modified":"2021-09-16T21:16:45","modified_gmt":"2021-09-16T21:16:45","slug":"medallistas-olimpicos-reciben-seguro-premium-senasa","status":"publish","type":"post","link":"https:\/\/colimdo.org\/noticias\/medallistas-olimpicos-reciben-seguro-premium-senasa\/","title":{"rendered":"Medallistas ol\u00edmpicos reciben seguro Premium de SeNaSa\u00a0"},"content":{"rendered":"<p class=\"x_MsoNoSpacing\"><b><span lang=\"ES-DO\">SANTO DOMINGO.\u00a0<\/span><\/b><span lang=\"ES-DO\">El director del Seguro\u00a0 Nacional de Salud (SeNaSa), el doctor Santiago Hazim, manifest\u00f3 que la proeza hecha por los atletas dominicanos en los Juegos Ol\u00edmpicos de Tokio, permitir\u00e1 que sean recordados en el futuro como h\u00e9roes del deporte.\u00a0<\/span><\/p>\n<p class=\"x_MsoNoSpacing\"><span lang=\"ES-DO\">El doctor Hazim tambi\u00e9n exhort\u00f3 a los medallistas ol\u00edmpicos a seguir esforz\u00e1ndose y que lo dif\u00edcil no es llegar, sino mantenerse.\u00a0<\/span><\/p>\n<p class=\"x_MsoNoSpacing\"><span lang=\"ES-DO\">\u201cHan hecho historia y ser\u00e1n recordados como h\u00e9roes del deporte. Llegaron a colocar al pa\u00eds en el puesto 62 del mundo, y eso es loable\u201d, expres\u00f3 el doctor Hazim en un encuentro con los medallistas ol\u00edmpicos en donde le entreg\u00f3 un plan de salud complementario premium a cada atleta.\u00a0<\/span><\/p>\n<p class=\"x_MsoNoSpacing\"><span lang=\"ES-DO\">El director ejecutivo de SeNaSa dijo que los medallistas ol\u00edmpicos tendr\u00e1n m\u00faltiples servicios con una cobertura total las 24 horas al d\u00eda y sugiri\u00f3 que, ante cualquier situaci\u00f3n, que no dudaran en llamarle para cualquier tipo de orientaci\u00f3n.\u00a0<\/span><\/p>\n<p class=\"x_MsoNoSpacing\"><span lang=\"ES-DO\">\u201cEste Plan Complementario Premium es para que tengan tranquilidad y puedan llegar a Par\u00eds, Francia con el objetivo de lograr mejores resultados\u201d, agreg\u00f3 el doctor Hazim.\u00a0<\/span><\/p>\n<p class=\"x_MsoNoSpacing\"><span lang=\"ES-DO\">El secretario general del Comit\u00e9 Ol\u00edmpico Dominicano (COD), licenciado Gilberto Garc\u00eda, manifest\u00f3 que la iniciativa de SeNaSa contribuye a fortalecer los objetivos no solo de los atletas, sino tambi\u00e9n de las federaciones deportivas.\u00a0<\/span><\/p>\n<p class=\"x_MsoNoSpacing\"><span lang=\"ES-DO\">\u201cEsto es una forma de garantizar la salud para lograr los objetivos de llegar a los Juegos de Par\u00eds\u201d, dijo Garc\u00eda, quien asisti\u00f3 a la actividad en representaci\u00f3n del licenciado Antonio Acosta, presidente del COD.\u00a0<\/span><\/p>\n<p class=\"x_MsoNoSpacing\"><span lang=\"ES-DO\">Expres\u00f3 que espera que, en el futuro, las dem\u00e1s federaciones se sumen al \u00e9xito para que puedan disfrutar de esos beneficios.\u00a0<\/span><\/p>\n<p class=\"x_MsoNoSpacing\"><span lang=\"ES-DO\">El jefe de misi\u00f3n, Gerardo Suero Correa, agreg\u00f3 que \u201cesto es lo que necesita el deporte\u201d para que los atletas no tengan ning\u00fan tipo de preocupaci\u00f3n por temas tan importantes como la salud.\u00a0<\/span><\/p>\n<p class=\"x_MsoNoSpacing\"><span lang=\"ES-DO\">La doble medallista de plata en Tokio, Marileidy Paulino, agradeci\u00f3 a SeNaSa la iniciativa de entregarle el seguro Premium, acto que calific\u00f3 de vital importancia para que los \u201catletas nos mantegamos en plenitud de condiciones con una buena atenci\u00f3n m\u00e9dica\u201d.\u00a0<\/span><\/p>\n<p class=\"x_MsoNoSpacing\"><span lang=\"ES-DO\">Yokasta Santana, subgerente de afiliaci\u00f3n explic\u00f3 que, dentro de los beneficios que podr\u00e1n disfrutar los atletas, figura cobertura total y directa con los prestadores, autorizaciones m\u00e9dicas, opcionales, odontol\u00f3gicas, ambulancia terrestre, a\u00e9rea y funeraria, entre otras.\u00a0<\/span><\/p>\n<p class=\"x_MsoNoSpacing\"><span lang=\"ES-DO\">Entre los atletas que recibieron sus respectivos carnets de afiliaci\u00f3n estuvieron los integrantes de la cuarteta 4X400, conformada por Marileidy Paulino, Luguel\u00edn Santos, Anabel Medina, Lidio Andr\u00e9s Feliz y Alexander Ogando, as\u00ed como los pesistas Crismery Santana y Zacar\u00edas Bonnat.\u00a0<\/span><\/p>\n<p class=\"x_MsoNoSpacing\"><span lang=\"ES-DO\">Adem\u00e1s de Gerardo Suero y Gilberto Garc\u00eda, estuvieron en la actividad William Ozuna, presidente de la Federaci\u00f3n Dominicana de Pesas, y Yasser P\u00e9rez, entrenador de atletismo.\u00a0<\/span><\/p>\n<p class=\"x_MsoNoSpacing\">\n","protected":false},"excerpt":{"rendered":"<p>El doctor Hazim tambi\u00e9n exhort\u00f3 a los medallistas ol\u00edmpicos a seguir esforz\u00e1ndose y que lo dif\u00edcil no es llegar, sino mantenerse.\u00a0<\/p>\n","protected":false},"author":19,"featured_media":96210,"comment_status":"closed","ping_status":"closed","sticky":false,"template":"","format":"standard","meta":[],"categories":[3,2],"tags":[79718,81933],"acf":[],"_links":{"self":[{"href":"https:\/\/colimdo.org\/wp-api\/wp\/v2\/posts\/96209"}],"collection":[{"href":"https:\/\/colimdo.org\/wp-api\/wp\/v2\/posts"}],"about":[{"href":"https:\/\/colimdo.org\/wp-api\/wp\/v2\/types\/post"}],"author":[{"embeddable":true,"href":"https:\/\/colimdo.org\/wp-api\/wp\/v2\/users\/19"}],"replies":[{"embeddable":true,"href":"https:\/\/colimdo.org\/wp-api\/wp\/v2\/comments?post=96209"}],"version-history":[{"count":2,"href":"https:\/\/colimdo.org\/wp-api\/wp\/v2\/posts\/96209\/revisions"}],"predecessor-version":[{"id":96213,"href":"https:\/\/colimdo.org\/wp-api\/wp\/v2\/posts\/96209\/revisions\/96213"}],"wp:featuredmedia":[{"embeddable":true,"href":"https:\/\/colimdo.org\/wp-api\/wp\/v2\/media\/96210"}],"wp:attachment":[{"href":"https:\/\/colimdo.org\/wp-api\/wp\/v2\/media?parent=96209"}],"wp:term":[{"taxonomy":"category","embeddable":true,"href":"https:\/\/colimdo.org\/wp-api\/wp\/v2\/categories?post=96209"},{"taxonomy":"post_tag","embeddable":true,"href":"https:\/\/colimdo.org\/wp-api\/wp\/v2\/tags?post=96209"}],"curies":[{"name":"wp","href":"https:\/\/api.w.org\/{rel}","templated":true}]}}