{"id":96234,"date":"2021-09-17T15:39:46","date_gmt":"2021-09-17T15:39:46","guid":{"rendered":"https:\/\/colimdo.org\/?p=96234"},"modified":"2021-09-17T15:40:17","modified_gmt":"2021-09-17T15:40:17","slug":"organizadores-f1-elegiran-vacuna-pcr-requisito-asistir-al-gp-mexico","status":"publish","type":"post","link":"https:\/\/colimdo.org\/noticias\/organizadores-f1-elegiran-vacuna-pcr-requisito-asistir-al-gp-mexico\/","title":{"rendered":"Organizadores de F1 elegir\u00e1n si vacuna o PCR es requisito para asistir al GP de M\u00e9xico"},"content":{"rendered":"<p>ESPN.- Los organizadores de la F\u00f3rmula Uno ser\u00e1n los responsables de definir si el comprobante de vacunaci\u00f3n o una prueba PCR negativa es requisito para los aficionados a los autom\u00f3viles asistan al Gran Premio de M\u00e9xico, que se tiene programado para la primera semana de noviembre, reconocieron las autoridades a este medio.<\/p>\n<p>\u201cAs\u00ed como en ciertos eventos u oficinas se pide a la gente que est\u00e9 vacunada o tenga prueba PCR para asistir, en la F\u00f3rmula Uno u otros eventos masivos de car\u00e1cter deportivo, los organizadores juegan un rol fundamental, que es potencializar a cada uno de los eventos en todos los escenarios, buscar la forma de c\u00f3mo hacerlos m\u00e1s seguros, siempre cumpliendo el piso b\u00e1sico de medidas sanitarias, pero ellos decidiendo los elementos adicionales que van a implementar\u201d, coment\u00f3 Eduardo Clark, director de Gobierno Digital de la Ciudad de M\u00e9xico, a ESPN Digital.<\/p>\n<p>Hasta ahora, las autoridades de la Ciudad de M\u00e9xico no contemplan que el comprobante de vacunaci\u00f3n y\/o la prueba PCR negativa sea un requisito para los eventos masivos deportivos, como la F\u00f3rmula Uno que se celebra en la primera semana de noviembre en la entidad, por lo que la responsabilidad caer\u00e1 en los organizadores, de poner esa medida como un control de ingreso.<\/p>\n<p>\u201cComo autoridad no lo tenemos contemplado como un requisito y no hemos hecho nada en la pandemia que involucra una obligaci\u00f3n. Evidentemente me gustar\u00eda que el mayor n\u00famero de personas, a la hora que van a un evento como estos, vaya vacunado, que si tuvo ciertos s\u00edntomas evite ir, pero nosotros vamos a poner lineamientos b\u00e1sicos y esto va a depender de cada uno de estos eventos poner controles m\u00e1s estrictos\u201d, explic\u00f3 el director de Gobierno Digital de la Ciudad de M\u00e9xico.<\/p>\n<p>Sobre la posibilidad de contar con el 100 por ciento del aforo en los tres d\u00edas que dura el Gran Premio de M\u00e9xico, Eduardo Clark coment\u00f3 que evitan adelantar escenarios y s\u00f3lo trabajan \u201csobre supuestos\u201d, esperando que la situaci\u00f3n se mantenga con una tendencia a la baja y positiva para la salud de todos los habitantes de la Ciudad de M\u00e9xico.<\/p>\n<p>\u201cNo sabemos lo que en dos semanas adelante pueda pasar, todos creemos que con la vacunaci\u00f3n el n\u00famero de contagios va a bajar y vamos a planear bajo el supuesto de que vamos a poder abrir, con el aforo m\u00e1ximo posible de personas, vamos a ir viendo las previsiones, c\u00f3mo cambian de un d\u00eda para otros. Esto lo saben muy bien los organizadores y est\u00e1n atentos\u201d, explic\u00f3 Eduardo Clark.<\/p>\n","protected":false},"excerpt":{"rendered":"<p>Los organizadores de la F\u00f3rmula Uno ser\u00e1n los responsables de definir si la tarjeta de vacunaci\u00f3n o una prueba PCR negativa es requisito para que los aficionados  asistan al Gran Premio de M\u00e9xico.<\/p>\n","protected":false},"author":20,"featured_media":96235,"comment_status":"closed","ping_status":"closed","sticky":false,"template":"","format":"standard","meta":[],"categories":[2,60],"tags":[79718,81464],"acf":[],"_links":{"self":[{"href":"https:\/\/colimdo.org\/wp-api\/wp\/v2\/posts\/96234"}],"collection":[{"href":"https:\/\/colimdo.org\/wp-api\/wp\/v2\/posts"}],"about":[{"href":"https:\/\/colimdo.org\/wp-api\/wp\/v2\/types\/post"}],"author":[{"embeddable":true,"href":"https:\/\/colimdo.org\/wp-api\/wp\/v2\/users\/20"}],"replies":[{"embeddable":true,"href":"https:\/\/colimdo.org\/wp-api\/wp\/v2\/comments?post=96234"}],"version-history":[{"count":2,"href":"https:\/\/colimdo.org\/wp-api\/wp\/v2\/posts\/96234\/revisions"}],"predecessor-version":[{"id":96237,"href":"https:\/\/colimdo.org\/wp-api\/wp\/v2\/posts\/96234\/revisions\/96237"}],"wp:featuredmedia":[{"embeddable":true,"href":"https:\/\/colimdo.org\/wp-api\/wp\/v2\/media\/96235"}],"wp:attachment":[{"href":"https:\/\/colimdo.org\/wp-api\/wp\/v2\/media?parent=96234"}],"wp:term":[{"taxonomy":"category","embeddable":true,"href":"https:\/\/colimdo.org\/wp-api\/wp\/v2\/categories?post=96234"},{"taxonomy":"post_tag","embeddable":true,"href":"https:\/\/colimdo.org\/wp-api\/wp\/v2\/tags?post=96234"}],"curies":[{"name":"wp","href":"https:\/\/api.w.org\/{rel}","templated":true}]}}