{"id":96371,"date":"2021-09-21T13:01:23","date_gmt":"2021-09-21T13:01:23","guid":{"rendered":"https:\/\/colimdo.org\/?p=96371"},"modified":"2021-09-21T13:01:23","modified_gmt":"2021-09-21T13:01:23","slug":"yanquis-activan-luis-severino-tras-casi-dos-anos","status":"publish","type":"post","link":"https:\/\/colimdo.org\/noticias\/yanquis-activan-luis-severino-tras-casi-dos-anos\/","title":{"rendered":"Yanquis activan a Luis Severino tras casi dos a\u00f1os"},"content":{"rendered":"<p><strong>AP, NUEVA YORK. \u2014<\/strong> El pitcher Luis Severino fue activado el lunes por los Yanquis de Nueva York antes del primer juego de la serie contra Texas y est\u00e1 listo para tener su primera actuaci\u00f3n en las mayores en casi dos a\u00f1os.<\/p>\n<p>\u201cSer\u00e1 como mi primer periodo aqu\u00ed en 2015. Ser\u00e1 la misma emoci\u00f3n\u201d, coment\u00f3 el dominicano. \u201cPero despu\u00e9s de que haga el primer lanzamiento, creo que todo volver\u00e1 a ser como antes\u201d.<\/p>\n<p>El m\u00e1nager de la novena neoyorquina, Aaron Boone, dijo que planea incluir al estelar en el bullpen. Nueva York inici\u00f3 el d\u00eda un juego y medio detr\u00e1s de Toronto por el segundo boleto de comod\u00edn de la Liga Americana.<\/p>\n<p>\u201c\u00c9l podr\u00eda encontrarse en la situaci\u00f3n de mayor apalancamiento o lo que sea y podr\u00eda evolucionar en un papel de varias entradas\u201d, coment\u00f3 Boone. \u201cCreemos que tenemos a un muy buen pitcher que tenemos que a\u00f1adir a la mezcla hoy\u201d.<\/p>\n<p>El derecho de 27 a\u00f1os se someti\u00f3 a una cirug\u00eda Tommy John el 27 de febrero de 2020. Tuvo cuatro actuaciones en las menores, totalizando 10 entradas dos tercios para Tampa, Hudson Valley y Somerset, permitiendo cuatro carreras, cinco hits y un jonr\u00f3n con tres pasaportes y 15 ponches.<\/p>\n<p>\u201cHa trabajado en su cambio y creo que ha a\u00f1adido una especie de h\u00edbrido de recta cortada y slider a su repertorio\u201d, coment\u00f3 Boone.<\/p>\n<p>Con 19 triunfos en 2018, Severino firm\u00f3 un contrato de cuatro a\u00f1os y 40 millones de d\u00f3lares antes de la temporada de 2019. Se vio limitado por una dolencia en el hombro en tres actuaciones durante esa campa\u00f1a, la primera el 17 de septiembre y la \u00faltima el 28 del mismo mes, adem\u00e1s de un par de aperturas en la postemporada el 7 de octubre contra Minnesota en la Serie Divisional de la Liga Americana y el 15 de octubre contra Houston en la Serie de Campeonato.<\/p>\n<p>\u201cHa pasado mucho tiempo\u201d, coment\u00f3 Severino. \u201cDefinitivamente estoy listo para cualquier situaci\u00f3n\u201d.<\/p>\n","protected":false},"excerpt":{"rendered":"<p>El pitcher Luis Severino fue activado el lunes por los Yanquis de Nueva York antes del primer juego de la serie contra Texas y est\u00e1 listo para tener su primera actuaci\u00f3n en las mayores en casi dos a\u00f1os.<\/p>\n","protected":false},"author":20,"featured_media":96372,"comment_status":"closed","ping_status":"closed","sticky":false,"template":"","format":"standard","meta":[],"categories":[3,2,60],"tags":[79718,79768],"acf":[],"_links":{"self":[{"href":"https:\/\/colimdo.org\/wp-api\/wp\/v2\/posts\/96371"}],"collection":[{"href":"https:\/\/colimdo.org\/wp-api\/wp\/v2\/posts"}],"about":[{"href":"https:\/\/colimdo.org\/wp-api\/wp\/v2\/types\/post"}],"author":[{"embeddable":true,"href":"https:\/\/colimdo.org\/wp-api\/wp\/v2\/users\/20"}],"replies":[{"embeddable":true,"href":"https:\/\/colimdo.org\/wp-api\/wp\/v2\/comments?post=96371"}],"version-history":[{"count":1,"href":"https:\/\/colimdo.org\/wp-api\/wp\/v2\/posts\/96371\/revisions"}],"predecessor-version":[{"id":96373,"href":"https:\/\/colimdo.org\/wp-api\/wp\/v2\/posts\/96371\/revisions\/96373"}],"wp:featuredmedia":[{"embeddable":true,"href":"https:\/\/colimdo.org\/wp-api\/wp\/v2\/media\/96372"}],"wp:attachment":[{"href":"https:\/\/colimdo.org\/wp-api\/wp\/v2\/media?parent=96371"}],"wp:term":[{"taxonomy":"category","embeddable":true,"href":"https:\/\/colimdo.org\/wp-api\/wp\/v2\/categories?post=96371"},{"taxonomy":"post_tag","embeddable":true,"href":"https:\/\/colimdo.org\/wp-api\/wp\/v2\/tags?post=96371"}],"curies":[{"name":"wp","href":"https:\/\/api.w.org\/{rel}","templated":true}]}}