{"id":96522,"date":"2021-09-24T16:11:27","date_gmt":"2021-09-24T16:11:27","guid":{"rendered":"https:\/\/colimdo.org\/?p=96522"},"modified":"2021-09-24T16:11:27","modified_gmt":"2021-09-24T16:11:27","slug":"ministro-obras-publicas-reitera-compromiso-atletas-dominicanos","status":"publish","type":"post","link":"https:\/\/colimdo.org\/noticias\/ministro-obras-publicas-reitera-compromiso-atletas-dominicanos\/","title":{"rendered":"Ministro de Obras P\u00fablicas reitera compromiso con atletas dominicanos"},"content":{"rendered":"<p><span lang=\"ES-DO\"><strong>SANTO DOMINGO.-<\/strong>\u00a0El ministro de Obras P\u00fablicas y Comunicaciones, Deligne Ascensi\u00f3n, reiter\u00f3 su compromiso con los deportistas dominicanos y le puso a disposici\u00f3n la cartera que dirige.<u><\/u>\u00a0<u><\/u><\/span><\/p>\n<p><iframe loading=\"lazy\" width=\"500\" height=\"281\" src=\"https:\/\/www.youtube.com\/embed\/ZdJCMTWUvzA?feature=oembed\" frameborder=\"0\" allow=\"accelerometer; autoplay; clipboard-write; encrypted-media; gyroscope; picture-in-picture\" allowfullscreen><\/iframe><\/p>\n<p><span lang=\"ES-DO\">Ascensi\u00f3n reconoci\u00f3 que el per\u00edodo competitivo de un atleta de alto rendimiento es pasajero, por lo cual se comprometi\u00f3 a brindar un espacio de reinsertarse a la cotidianidad laboral cuando finalicen sus carreras deportivas.<u><\/u>\u00a0<u><\/u><\/span><\/p>\n<p>\u201cConozco las carencias que tenemos como pa\u00eds en v\u00eda de desarrollo y por tal raz\u00f3n me pongo a disposici\u00f3n personal e institucional para que reciban un espacio\u201d, expres\u00f3 el funcionario durante un encuentro con varios de los medallistas ol\u00edmpicos de Tokio 2020.<u><\/u>\u00a0<u><\/u><\/p>\n<p><span lang=\"ES-DO\">Destac\u00f3 que, cuando un atleta es aplaudido, es porque \u201cla delincuencia ha perdido una v\u00edctima\u201d.<u><\/u>\u00a0<u><\/u><\/span><\/p>\n<p><span lang=\"ES-DO\">A la actividad, realizada en el despacho del ministro de Obras P\u00fablicas, acudieron Marileidy Paulino y Anabel Medina, integrantes de la cuarteta de relevos mixtos 4&#215;400 ganadora de plata ol\u00edmpica, as\u00ed como los pesistas Zacar\u00edas Bonnat y Crismery Santana, quienes obtuvieron plata y bronce, respectivamente.<u><\/u>\u00a0<u><\/u><\/span><\/p>\n<p>Tambi\u00e9n dijeron presente los miembros del Comit\u00e9 Ol\u00edmpico Dominicano, Antonio Acosta, presidente, y Gilberto Garc\u00eda, secretario general, adem\u00e1s de los federados, Gerardo Suero Correa, presidente de la Federaci\u00f3n Dominicana Asociaciones de Atletismo, y William Ozuna Suero, presidente de la Federaci\u00f3n de Levantamiento de Pesas.<u><\/u>\u00a0<u><\/u><\/p>\n<p>Acosta agradeci\u00f3 a Ascensi\u00f3n la distinci\u00f3n de recibir en su despacho a los atletas de alto rendimiento y manifest\u00f3 que es una muestra de la importancia que exhibe el actual Gobierno hac\u00eda el deporte.\u00a0<u><\/u><\/p>\n","protected":false},"excerpt":{"rendered":"<p>Destac\u00f3 que, cuando un atleta es aplaudido, es porque \u201cla delincuencia ha perdido una v\u00edctima\u201d.\u00a0<\/p>\n","protected":false},"author":20,"featured_media":96523,"comment_status":"closed","ping_status":"closed","sticky":false,"template":"","format":"standard","meta":[],"categories":[2],"tags":[79718,82278],"acf":[],"_links":{"self":[{"href":"https:\/\/colimdo.org\/wp-api\/wp\/v2\/posts\/96522"}],"collection":[{"href":"https:\/\/colimdo.org\/wp-api\/wp\/v2\/posts"}],"about":[{"href":"https:\/\/colimdo.org\/wp-api\/wp\/v2\/types\/post"}],"author":[{"embeddable":true,"href":"https:\/\/colimdo.org\/wp-api\/wp\/v2\/users\/20"}],"replies":[{"embeddable":true,"href":"https:\/\/colimdo.org\/wp-api\/wp\/v2\/comments?post=96522"}],"version-history":[{"count":1,"href":"https:\/\/colimdo.org\/wp-api\/wp\/v2\/posts\/96522\/revisions"}],"predecessor-version":[{"id":96524,"href":"https:\/\/colimdo.org\/wp-api\/wp\/v2\/posts\/96522\/revisions\/96524"}],"wp:featuredmedia":[{"embeddable":true,"href":"https:\/\/colimdo.org\/wp-api\/wp\/v2\/media\/96523"}],"wp:attachment":[{"href":"https:\/\/colimdo.org\/wp-api\/wp\/v2\/media?parent=96522"}],"wp:term":[{"taxonomy":"category","embeddable":true,"href":"https:\/\/colimdo.org\/wp-api\/wp\/v2\/categories?post=96522"},{"taxonomy":"post_tag","embeddable":true,"href":"https:\/\/colimdo.org\/wp-api\/wp\/v2\/tags?post=96522"}],"curies":[{"name":"wp","href":"https:\/\/api.w.org\/{rel}","templated":true}]}}