{"id":96895,"date":"2021-10-05T14:18:16","date_gmt":"2021-10-05T14:18:16","guid":{"rendered":"https:\/\/colimdo.org\/?p=96895"},"modified":"2021-10-05T14:18:16","modified_gmt":"2021-10-05T14:18:16","slug":"fifa-negocia-qatar-relajar-requisito-vacuna-mundial","status":"publish","type":"post","link":"https:\/\/colimdo.org\/noticias\/fifa-negocia-qatar-relajar-requisito-vacuna-mundial\/","title":{"rendered":"FIFA negocia con Qatar relajar requisito de vacuna para Mundial"},"content":{"rendered":"<p>La FIFA negocia con las autoridades de Qatar eliminar el requisito de estar vacunado para la Copa Mundial del a\u00f1o pr\u00f3ximo.<\/p>\n<p>El primer ministro qatar\u00ed, el jeque Khalid bin Khalifa bin Abdulaziz Al Thaniprim, anunci\u00f3 en junio que todo aficionado que quiera asistir al Mundial tendr\u00e1 que vacunarse completamente contra el coronavirus, aunque no ha dicho nada a\u00fan sobre si los futbolistas tendr\u00e1n que hacerlo.<\/p>\n<p>La FIFA y las autoridades de Qatar sondean la posibilidad que hinchas, jugadores y dirigentes puedan certificar una prueba de haberse recuperado de COVID-19 o presentar pruebas negativas, dijo a The Associated Press una persona al tanto de las consultas. La persona pidi\u00f3 no ser identificada para poder referirse a la situaci\u00f3n.<\/p>\n<p>Los organizadores del Mundial y el gobierno de Qatar no respondieron de inmediato a preguntas de AP.<\/p>\n<p>Un primer indicio sobre si Qatar relajar\u00e1 el requisito de vacuna podr\u00eda verse cuando la FIFA divulgue en las pr\u00f3ximas semanas la reglamentaci\u00f3n para la Copa \u00c1rabe. El torneo con 16 selecciones se disputar\u00e1 entre el 30 de noviembre y el 18 de diciembre y ser\u00e1 un ensayo de los estadios mundialistas.<\/p>\n<p>\u201cQatar, como pa\u00eds anfitri\u00f3n, brindar\u00e1 la protecci\u00f3n que se requiere para proteger la salud y bienestar de todos los involucrados en la competici\u00f3n&#8221;, dijo la FIFA en una declaraci\u00f3n escrita. \u201cTodos los que concurran deber\u00e1n cumplir con las instrucciones de viaje de las autoridades qatar\u00eds y la m\u00e1s reciente gu\u00eda del Ministerio de Salud. La informaci\u00f3n completa sobre protocolos COVID-19 ser\u00e1 comunicada a los grupos involucrados al acercarse la competici\u00f3n\u201d.<\/p>\n<p>Por primera vez, la FIFA alent\u00f3 directamente a los jugadores para que se vacunen.<\/p>\n<p>\u201cNosotros respaldamos las vacunas de COVID-19&#8243;, dijo la FIFA. \u201cY apoyamos el criterio de la Organizaci\u00f3n Mundial de la Salud: acceso seguro, justo y equitativo es esencial en todos los pa\u00edses. Los futbolistas no deben recibir prioridad para las vacunas\u201d.<\/p>\n<p>El t\u00e9cnico de Liverpool J\u00fcrgen Klopp abog\u00f3 a favor de la vacunaci\u00f3n.<\/p>\n<p>\u201cNo me vacuno con el \u00fanico fin de protegerme&#8221;, se\u00f1al\u00f3 el estratega alem\u00e1n. \u201cMe vacuno para proteger a toda la gente que me rodea\u201d.<\/p>\n<p>Klopp mencion\u00f3 que el 99% del plantel de Liverpool ha sido inoculado.<\/p>\n<p>\u201cEs un poco como conducir en estado de ebriedad&#8221;, dijo \u201cTodos hemos estado en una situaci\u00f3n en la que hemos bebido un par de cervezas y creemos \u2018yo puedo conducir\u2019. Pero esta ley no se adopt\u00f3 para protegerme, sino para proteger a todos los dem\u00e1s porque estoy (borracho) y quiero conducir un autom\u00f3vil. Y hemos aceptado eso como una ley\u201d.<\/p>\n<p>\u201cEs lo mismo con las vacunas. Los expertos han dicho que es la soluci\u00f3n para salir de este momento\u201d, a\u00f1adi\u00f3.<\/p>\n","protected":false},"excerpt":{"rendered":"<p>La FIFA negocia con las autoridades de Qatar eliminar el requisito de estar vacunado para la Copa Mundial del a\u00f1o pr\u00f3ximo.<\/p>\n","protected":false},"author":19,"featured_media":96896,"comment_status":"closed","ping_status":"closed","sticky":false,"template":"","format":"standard","meta":[],"categories":[5,2],"tags":[79718],"acf":[],"_links":{"self":[{"href":"https:\/\/colimdo.org\/wp-api\/wp\/v2\/posts\/96895"}],"collection":[{"href":"https:\/\/colimdo.org\/wp-api\/wp\/v2\/posts"}],"about":[{"href":"https:\/\/colimdo.org\/wp-api\/wp\/v2\/types\/post"}],"author":[{"embeddable":true,"href":"https:\/\/colimdo.org\/wp-api\/wp\/v2\/users\/19"}],"replies":[{"embeddable":true,"href":"https:\/\/colimdo.org\/wp-api\/wp\/v2\/comments?post=96895"}],"version-history":[{"count":1,"href":"https:\/\/colimdo.org\/wp-api\/wp\/v2\/posts\/96895\/revisions"}],"predecessor-version":[{"id":96897,"href":"https:\/\/colimdo.org\/wp-api\/wp\/v2\/posts\/96895\/revisions\/96897"}],"wp:featuredmedia":[{"embeddable":true,"href":"https:\/\/colimdo.org\/wp-api\/wp\/v2\/media\/96896"}],"wp:attachment":[{"href":"https:\/\/colimdo.org\/wp-api\/wp\/v2\/media?parent=96895"}],"wp:term":[{"taxonomy":"category","embeddable":true,"href":"https:\/\/colimdo.org\/wp-api\/wp\/v2\/categories?post=96895"},{"taxonomy":"post_tag","embeddable":true,"href":"https:\/\/colimdo.org\/wp-api\/wp\/v2\/tags?post=96895"}],"curies":[{"name":"wp","href":"https:\/\/api.w.org\/{rel}","templated":true}]}}