{"id":97094,"date":"2021-10-10T16:43:11","date_gmt":"2021-10-10T16:43:11","guid":{"rendered":"https:\/\/colimdo.org\/?p=97094"},"modified":"2021-10-10T16:43:36","modified_gmt":"2021-10-10T16:43:36","slug":"neymar-afirma-qatar-2022-podria-ultimo-mundial","status":"publish","type":"post","link":"https:\/\/colimdo.org\/noticias\/neymar-afirma-qatar-2022-podria-ultimo-mundial\/","title":{"rendered":"Neymar afirma que Qatar 2022 podr\u00eda ser su \u00faltimo Mundial"},"content":{"rendered":"<p>La estrella brasile\u00f1a Neymar afirm\u00f3 que la Copa del Mundo del a\u00f1o pr\u00f3ximo en Qatar podr\u00eda ser la \u00faltima de su carrera.<\/p>\n<p>El delantero de 29 a\u00f1os hizo tal declaraci\u00f3n para el documental \u201cNeymar &amp; The Line Of Kings\u201d, producido por DAZN. Un extracto fue difundido en la cuenta de Twitter del canal el domingo.<\/p>\n<p>\u201cHombre, creo que este ser\u00e1 mi \u00faltimo Mundial\u201d, dijo Neymar. \u201cLo estoy enfrentando como si fuese el \u00faltimo Mundial porque no s\u00e9 si podr\u00e9, mentalmente, soportar m\u00e1s en el f\u00fatbol.<\/p>\n<p>\u201cYo har\u00e9 todo lo posible por llegar ah\u00ed en muy buenas condiciones\u201d, a\u00f1adi\u00f3 el brasile\u00f1o. \u201cHar\u00e9 todo lo posible por ganarlo por mi pa\u00eds y cumplir mi sue\u00f1o, el m\u00e1s grande desde mi infancia. Espero poder lograrlo\u201d.<\/p>\n<p>Neymar estar\u00e1 en el ataque de Brasil el domingo en un choque con Colombia en las eliminatorias sudamericanas para la Copa del Mundo. La verdeamarela lidera la competencia de 10 equipos con 27 puntos luego de nueve partidos.<\/p>\n<p>El delantero no jug\u00f3 el jueves en la victoria de Brasil de 3-1 ante el local Venezuela debido a una suspensi\u00f3n.<\/p>\n<p>El compromiso en Barranquilla marcar\u00e1 el regreso de Neymar desde el triunfo de 2-0 sobre Per\u00fa el 10 de septiembre, en el que ofreci\u00f3 una actuaci\u00f3n clave para Brasil con un gol y un pase para otro. Pese a su esfuerzo, Neymar dej\u00f3 en claro al final del encuentro que estaba molesto por el trato que recibe en casa.<\/p>\n<p>\u201cYo no s\u00e9 qu\u00e9 m\u00e1s necesito hacer con esta camiseta para que la gente respete a Neymar\u201d, indic\u00f3. Los medios locales acusaron al delantero de estar fuera de condici\u00f3n en la victoria de 1-0 en la visita a Chile a inicios de septiembre, lo que gener\u00f3 que Neymar entrenara sin camiseta para mostrar que est\u00e1 en forma.<\/p>\n<p>Frente a Per\u00fa, Neymar rebas\u00f3 a Rom\u00e1rio como el m\u00e1ximo anotador de la selecci\u00f3n brasile\u00f1a en eliminatorias mundialistas, con 12 goles. Tambi\u00e9n se acerca al r\u00e9cord del legendario Pel\u00e9 de 77 goles en partidos oficiales de Brasil. El atacante del Paris Saint-Germain ha anotado 69 veces con su selecci\u00f3n.<\/p>\n<p>Hasta ahora, Neymar ha disputado dos Copas del Mundo. En 2014, sufri\u00f3 una lesi\u00f3n de espalda en los cuartos de final frente a Colombia, lo que impidi\u00f3 su participaci\u00f3n en la goleada de 7-1 propinada por Alemania en las semifinales.<\/p>\n","protected":false},"excerpt":{"rendered":"<p>La estrella brasile\u00f1a Neymar afirm\u00f3 que la Copa del Mundo del a\u00f1o pr\u00f3ximo en Qatar podr\u00eda ser la \u00faltima de su carrera.<\/p>\n","protected":false},"author":19,"featured_media":97095,"comment_status":"closed","ping_status":"closed","sticky":false,"template":"","format":"standard","meta":[],"categories":[5,2],"tags":[79718],"acf":[],"_links":{"self":[{"href":"https:\/\/colimdo.org\/wp-api\/wp\/v2\/posts\/97094"}],"collection":[{"href":"https:\/\/colimdo.org\/wp-api\/wp\/v2\/posts"}],"about":[{"href":"https:\/\/colimdo.org\/wp-api\/wp\/v2\/types\/post"}],"author":[{"embeddable":true,"href":"https:\/\/colimdo.org\/wp-api\/wp\/v2\/users\/19"}],"replies":[{"embeddable":true,"href":"https:\/\/colimdo.org\/wp-api\/wp\/v2\/comments?post=97094"}],"version-history":[{"count":1,"href":"https:\/\/colimdo.org\/wp-api\/wp\/v2\/posts\/97094\/revisions"}],"predecessor-version":[{"id":97096,"href":"https:\/\/colimdo.org\/wp-api\/wp\/v2\/posts\/97094\/revisions\/97096"}],"wp:featuredmedia":[{"embeddable":true,"href":"https:\/\/colimdo.org\/wp-api\/wp\/v2\/media\/97095"}],"wp:attachment":[{"href":"https:\/\/colimdo.org\/wp-api\/wp\/v2\/media?parent=97094"}],"wp:term":[{"taxonomy":"category","embeddable":true,"href":"https:\/\/colimdo.org\/wp-api\/wp\/v2\/categories?post=97094"},{"taxonomy":"post_tag","embeddable":true,"href":"https:\/\/colimdo.org\/wp-api\/wp\/v2\/tags?post=97094"}],"curies":[{"name":"wp","href":"https:\/\/api.w.org\/{rel}","templated":true}]}}