{"id":97107,"date":"2021-10-11T02:54:40","date_gmt":"2021-10-11T02:54:40","guid":{"rendered":"https:\/\/colimdo.org\/?p=97107"},"modified":"2021-10-11T02:54:40","modified_gmt":"2021-10-11T02:54:40","slug":"francia-gana-liga-naciones-golazos-mbappe-benzema","status":"publish","type":"post","link":"https:\/\/colimdo.org\/noticias\/francia-gana-liga-naciones-golazos-mbappe-benzema\/","title":{"rendered":"Francia gana Liga de Naciones con golazos de Mbapp\u00e9 y Benzema"},"content":{"rendered":"<p>AP.-\u00a0Kylian Mbapp\u00e9 anot\u00f3 un pol\u00e9mico gol en los \u00faltimos minutos para que el campe\u00f3n del mundo Francia volviera a darle la vuelta al marcador y derrotar el domingo 2-1 a Espa\u00f1a en la final de la Liga de Naciones<\/p>\n<p>Mbapp\u00e9 anot\u00f3 a 10 minutos del final con una bonita definici\u00f3n de zurda, aunque los espa\u00f1oles reclamaron que estaba en posici\u00f3n adelantada tras recibir el pase de Theo Hern\u00e1ndez.<\/p>\n<p>Despu\u00e9s de un decepcionante Campeonato Europeo, en el que fueron eliminados en los octavos de final, Les Bleus se redimieron en el nuevo torneo de la UEFA. Tambi\u00e9n tuvieron que voltear un marcado adverso en su semifinal contra B\u00e9lgica.<\/p>\n<p>Las ocasiones escasearon en una tensa final en el estadio San Siro de Mil\u00e1n, pero el partido entr\u00f3 en ebullici\u00f3n \u2014 y en un emocionante ida y vuelta \u2014 al cumplirse la hora de juego.<\/p>\n<p>Momentos despu\u00e9s que Hern\u00e1ndez estrell\u00f3 un remate en el travesa\u00f1o, Mikel Oyarzabal adelant\u00f3 a Espa\u00f1a a los 64 minutos.<\/p>\n<p>La Roja a\u00fan celebraba cuando Karim Benzema frot\u00f3 la l\u00e1mpara a los 66 para un exquisita definici\u00f3n. El delantero del Real Madrid remat\u00f3 combeado desde el pico del \u00e1rea y clav\u00f3 el bal\u00f3n en la escuadra tras ser rozado por el arquero Unai Sim\u00f3n.<\/p>\n<p>\u201cEste es primer trofeo con Francia, as\u00ed que estoy orgulloso y contento\u201d, dijo Benzema, quien a inicios de a\u00f1o regres\u00f3 a la selecci\u00f3n tras una ausencia de cinco a\u00f1os.<\/p>\n<p>\u201cDisputamos dos partidos de alto nivel. Vinimos para alzar el trofeo. Me siento feliz por el equipo y orgulloso como individuo\u201d, a\u00f1adi\u00f3.<\/p>\n<p>La pol\u00e9mica se centr\u00f3 en un posible fuera de juego de Mbapp\u00e9 en el segundo gol, pero la anotaci\u00f3n fue convalida mediante el videoarbitraje. La explicaci\u00f3n fue que el \u00e1rbitro ingl\u00e9s Anthony Taylor entendi\u00f3 que, cuando el bal\u00f3n toc\u00f3 al zaguero espa\u00f1ol Eric Garc\u00eda al intentar un despeje, se inici\u00f3 una nueva jugada y el delantero franc\u00e9s qued\u00f3 habilitado.<\/p>\n<p>\u201cYo me muero de ganas de hablar, pero no voy a entrar en este juego\u201d, dijo el t\u00e9cnico espa\u00f1ol Luis Enrique sobre la pol\u00e9mica. \u201cDesde que soy entrenador, m\u00e1s de 10 a\u00f1os, no creo que haya nadie que me haya escuchado hablar mal de los \u00e1rbitros\u201d.<\/p>\n<p>Con un doblete de Ferran Torres, Espa\u00f1a derrot\u00f3 2-1 a Italia en su semifinal. Torres estuvo en duda por problemas f\u00edsicas, pero se recuper\u00f3 para jugar de titular en la final. Francia ech\u00f3 de menos al volante Adrien Rabiot tras dar positivo por el coronavirus.<\/p>\n<p>Francia fue superior en los primeros compases e insinu\u00f3 la primera de peligro. Benzema regate\u00f3 a Sim\u00f3n e intent\u00f3 ceder a Mbapp\u00e9, pero C\u00e9sar Azpilicueta apareci\u00f3 para despejar.<\/p>\n<p>Espa\u00f1a replic\u00f3 con un pase filtrado de Torres a Pablo Sarabia, quien remat\u00f3 muy d\u00e9bil ante el portero franc\u00e9s Hugo Lloris.<\/p>\n<p>Pese a que se apoder\u00f3 de la tenencia del bal\u00f3n, Espa\u00f1a gener\u00f3 pocas ocasiones.<\/p>\n<p>Hern\u00e1ndez, el lateral izquierdo que firm\u00f3 el ag\u00f3nico gol con el que Francia dobleg\u00f3 a B\u00e9lgica el jueves, revolucion\u00f3 la final el domingo con un disparo que le sac\u00f3 astillas al larguero a los 63.<\/p>\n<p>Acto seguido, Espa\u00f1a rompi\u00f3 la lata cuando Oyarzabal recibi\u00f3 un pase en profundidad de Sergio Busquets, super\u00f3 en la carrera a Dayot Upamecano y fusil\u00f3 a Lloris con un disparo bajo al segundo palo.<\/p>\n<p>Pero la respuesta francesa fue inmediata. Benzema regat\u00f3 por el costado izquierdo y sac\u00f3 una par\u00e1bola hacia el \u00e1ngulo superior derecho.<\/p>\n<p>\u201cEs la pena y lo injusto del partido. Cuando un equipo recibe gol est\u00e1 tocado, est\u00e1 noqueado y es momento para crearle problemas, pero Benzema se inventa un gol espectacular\u201d, coment\u00f3 el t\u00e9cnico de Espa\u00f1a, Luis Enrique. \u201cLa pena es que no hemos podido disfrutar ni meterles el miedo durante m\u00e1s de 30 segundos\u201d.<\/p>\n<p>Y el escenario qued\u00f3 servido para el gol decisivo de Mbapp\u00e9, el cual debi\u00f3 esperar la revisi\u00f3n con el VAR.<\/p>\n<p>Lloris fue providencial en la agon\u00eda con un par de paradas a sendos remates a quemarropa, el primero de Oyarzabal y luego de Yeremi Pino, y Francia pudo resistir el asedio de Espa\u00f1a.<\/p>\n<p>A primera hora, el campe\u00f3n europeo Italia venci\u00f3 2-1 a B\u00e9lgica en el duelo por el tercer puesto.<\/p>\n","protected":false},"excerpt":{"rendered":"<p>Mbapp\u00e9 anot\u00f3 a 10 minutos del final con una bonita definici\u00f3n de zurda, aunque los espa\u00f1oles reclamaron que estaba en posici\u00f3n adelantada tras recibir el pase de Theo Hern\u00e1ndez.<\/p>\n","protected":false},"author":19,"featured_media":97108,"comment_status":"closed","ping_status":"closed","sticky":false,"template":"","format":"standard","meta":[],"categories":[5,2],"tags":[79718],"acf":[],"_links":{"self":[{"href":"https:\/\/colimdo.org\/wp-api\/wp\/v2\/posts\/97107"}],"collection":[{"href":"https:\/\/colimdo.org\/wp-api\/wp\/v2\/posts"}],"about":[{"href":"https:\/\/colimdo.org\/wp-api\/wp\/v2\/types\/post"}],"author":[{"embeddable":true,"href":"https:\/\/colimdo.org\/wp-api\/wp\/v2\/users\/19"}],"replies":[{"embeddable":true,"href":"https:\/\/colimdo.org\/wp-api\/wp\/v2\/comments?post=97107"}],"version-history":[{"count":1,"href":"https:\/\/colimdo.org\/wp-api\/wp\/v2\/posts\/97107\/revisions"}],"predecessor-version":[{"id":97109,"href":"https:\/\/colimdo.org\/wp-api\/wp\/v2\/posts\/97107\/revisions\/97109"}],"wp:featuredmedia":[{"embeddable":true,"href":"https:\/\/colimdo.org\/wp-api\/wp\/v2\/media\/97108"}],"wp:attachment":[{"href":"https:\/\/colimdo.org\/wp-api\/wp\/v2\/media?parent=97107"}],"wp:term":[{"taxonomy":"category","embeddable":true,"href":"https:\/\/colimdo.org\/wp-api\/wp\/v2\/categories?post=97107"},{"taxonomy":"post_tag","embeddable":true,"href":"https:\/\/colimdo.org\/wp-api\/wp\/v2\/tags?post=97107"}],"curies":[{"name":"wp","href":"https:\/\/api.w.org\/{rel}","templated":true}]}}