{"id":97173,"date":"2021-10-12T20:01:47","date_gmt":"2021-10-12T20:01:47","guid":{"rendered":"https:\/\/colimdo.org\/?p=97173"},"modified":"2021-10-12T20:01:47","modified_gmt":"2021-10-12T20:01:47","slug":"embajador-mexicano-resalta-lazos-deportivos-republica-dominicana","status":"publish","type":"post","link":"https:\/\/colimdo.org\/noticias\/embajador-mexicano-resalta-lazos-deportivos-republica-dominicana\/","title":{"rendered":"Embajador mexicano resalta lazos deportivos con Rep\u00fablica Dominicana"},"content":{"rendered":"<p class=\"yiv7012437254MsoNoSpacing\"><span lang=\"ES-DO\"><strong>SANTO DOMINGO.<\/strong>\u00a0La Embajada de M\u00e9xico en la Rep\u00fablica Dominicana nuevamente se muestra identificada con los lazos deportivos que hist\u00f3ricamente unen a estos dos pa\u00edses caribe\u00f1os. \u00a0<\/span><\/p>\n<p><iframe loading=\"lazy\" width=\"500\" height=\"281\" src=\"https:\/\/www.youtube.com\/embed\/wXIPKt9EYpo?feature=oembed\" frameborder=\"0\" allow=\"accelerometer; autoplay; clipboard-write; encrypted-media; gyroscope; picture-in-picture\" allowfullscreen><\/iframe><\/p>\n<p class=\"yiv7012437254MsoNoSpacing\"><span lang=\"ES-DO\">El honorable embajador mexicano en el pa\u00eds, Carlos Pe\u00f1afiel Soto, manifest\u00f3 su entera disposici\u00f3n y la del \u00f3rgano que dirige para seguir fomentando \u201cla gran amistad y confraternidad\u201d con el incremento de la pr\u00e1ctica deportiva entre ambas naciones. \u00a0<\/span><\/p>\n<p class=\"yiv7012437254MsoNoSpacing\">\u201cEs un orgullo ver el desarrollo del deporte dominicano y lo celebramos. Continuaremos colaborando con el fomento del deporte que es una de las mejores expresiones culturales de nuestros pueblos\u201d, expres\u00f3 Pe\u00f1afiel durante una visita que realizaron altos ejecutivos del Comit\u00e9 Ol\u00edmpico Dominicano a la Embajada de M\u00e9xico.<\/p>\n<p class=\"yiv7012437254MsoNoSpacing\"><span lang=\"ES-DO\">La comitiva del COD, integrada por el presidente Antonio Acosta, as\u00ed como el secretario general Gilberto Garc\u00eda, aprovech\u00f3 el encuentro para agradecer el buen trato y consideraciones que han recibido los atletas quisqueyanos al momento de arribar a suelo azteca a eventos deportivos. \u00a0<\/span><\/p>\n<p class=\"yiv7012437254MsoNoSpacing\"><span lang=\"ES-DO\">\u201cEsta embajada y su consulado siempre han ofrecido facilidades a nuestros atletas para que se produzcan intercambios deportivos entre los dos pa\u00edses\u201d, expres\u00f3 Acosta. \u00a0<\/span><\/p>\n<p class=\"yiv7012437254MsoNoSpacing\"><span lang=\"ES-DO\">Garc\u00eda record\u00f3 la destacada actuaci\u00f3n del clavadista de origen mexicano y nacionalizado dominicano Jonathan Ruvalcaba, quien avanz\u00f3 hasta semifinal en los Juegos Ol\u00edmpicos de Tokio. \u00a0<\/span><\/p>\n<p class=\"yiv7012437254MsoNoSpacing\">En el encuentro tambi\u00e9n estuvieron presentes Rub\u00e9n Fuentes, consejero de la Embajada de M\u00e9xico y Encargado de la Secci\u00f3n Consular, as\u00ed como Raquel Garc\u00eda, Encargada de Asuntos Econ\u00f3micos.<\/p>\n","protected":false},"excerpt":{"rendered":"<p>El honorable embajador mexicano en el pa\u00eds, Carlos Pe\u00f1afiel Soto, manifest\u00f3 su entera disposici\u00f3n y la del \u00f3rgano que dirige para seguir fomentando \u201cla gran amistad y confraternidad\u201d.<\/p>\n","protected":false},"author":20,"featured_media":97174,"comment_status":"closed","ping_status":"closed","sticky":false,"template":"","format":"standard","meta":[],"categories":[39879,2,60],"tags":[79718,82941,82940],"acf":[],"_links":{"self":[{"href":"https:\/\/colimdo.org\/wp-api\/wp\/v2\/posts\/97173"}],"collection":[{"href":"https:\/\/colimdo.org\/wp-api\/wp\/v2\/posts"}],"about":[{"href":"https:\/\/colimdo.org\/wp-api\/wp\/v2\/types\/post"}],"author":[{"embeddable":true,"href":"https:\/\/colimdo.org\/wp-api\/wp\/v2\/users\/20"}],"replies":[{"embeddable":true,"href":"https:\/\/colimdo.org\/wp-api\/wp\/v2\/comments?post=97173"}],"version-history":[{"count":1,"href":"https:\/\/colimdo.org\/wp-api\/wp\/v2\/posts\/97173\/revisions"}],"predecessor-version":[{"id":97175,"href":"https:\/\/colimdo.org\/wp-api\/wp\/v2\/posts\/97173\/revisions\/97175"}],"wp:featuredmedia":[{"embeddable":true,"href":"https:\/\/colimdo.org\/wp-api\/wp\/v2\/media\/97174"}],"wp:attachment":[{"href":"https:\/\/colimdo.org\/wp-api\/wp\/v2\/media?parent=97173"}],"wp:term":[{"taxonomy":"category","embeddable":true,"href":"https:\/\/colimdo.org\/wp-api\/wp\/v2\/categories?post=97173"},{"taxonomy":"post_tag","embeddable":true,"href":"https:\/\/colimdo.org\/wp-api\/wp\/v2\/tags?post=97173"}],"curies":[{"name":"wp","href":"https:\/\/api.w.org\/{rel}","templated":true}]}}