{"id":97305,"date":"2021-10-15T17:14:42","date_gmt":"2021-10-15T17:14:42","guid":{"rendered":"https:\/\/colimdo.org\/?p=97305"},"modified":"2021-10-15T17:28:20","modified_gmt":"2021-10-15T17:28:20","slug":"lucha-celebra-este-sabado-curso-tecnico-los-entrenadores-del-sur","status":"publish","type":"post","link":"https:\/\/colimdo.org\/noticias\/lucha-celebra-este-sabado-curso-tecnico-los-entrenadores-del-sur\/","title":{"rendered":"Lucha celebra este s\u00e1bado curso t\u00e9cnico con los entrenadores del Sur"},"content":{"rendered":"<p><strong>SANTO DOMINGO.-<\/strong>S Una veintena de entrenadores de lucha de la regi\u00f3n Sur tomar\u00e1n parte de un curso pr\u00e1ctico que ser\u00e1 ofrecido durante todo este fin de semana en los salones de la Federaci\u00f3n Dominicana de esa disciplina, ubicados en el centro ol\u00edmpico Juan Pablo Duarte.<\/p>\n<p>En el curso participan t\u00e9cnicos de las asociaciones de lucha de Barahona, Pedernales, El\u00edas Pi\u00f1a, Jiman\u00ed, Bahoruco, San Juan de la Maguana, Azua, San Jos\u00e9 de Ocoa, Ban\u00ed y San Crist\u00f3bal.<\/p>\n<p>La apertura oficial del curso ser\u00e1 este s\u00e1bado, a las 11 de la ma\u00f1ana, en la sede de la Federaci\u00f3n Dominicana de Lucha.<\/p>\n<p>Este encuentro forma parte del programa de capacitaci\u00f3n y actualizaci\u00f3n de los reglamentos y t\u00e9cnicas de ese deporte y es el complemento pr\u00e1ctico del reci\u00e9n celebrado Congreso Nacional de Entrenadores de Lucha en el que se trat\u00f3 la parte te\u00f3rica.<\/p>\n<p>El curso pr\u00e1ctico es para entrenadores lucha de las categor\u00edas infantiles, escolar y cadetes, y se efectuar\u00e1 todo este fin de semana, a partir de las 9 de la ma\u00f1ana.<\/p>\n<p>El mismo es organizado por la Federaci\u00f3n Dominicana de Lucha y es coordinado por el profesor On\u00e9simo Rufino G\u00f3mez.<\/p>\n<p>Tiene como exponente a los profesores Porfirio Enrique Minier, el cubano L\u00e1zaro Lasso, Hansell Ram\u00edrez, Carlos Feliz Garc\u00eda y Rodolfo Castro.<\/p>\n<p>El pr\u00f3ximo fin de semana que va del 22 al 24 de este mes corresponder\u00e1 a los t\u00e9cnicos de la regi\u00f3n Este, mientras que del 29 al 31 se reunir\u00e1n a los entrenadores de la regi\u00f3n Norte.<\/p>\n<p>Este programa forma parte de la formaci\u00f3n y actualizaci\u00f3n que lleva a cabo la Federaci\u00f3n Dominicana de Lucha con todos sus t\u00e9cnicos y entrenadores del pa\u00eds, con el expreso objetivo de lograr un desarrollo igualitario en todas las regiones del pa\u00eds.<\/p>\n","protected":false},"excerpt":{"rendered":"<p>La apertura oficial del curso ser\u00e1 este s\u00e1bado, a las 11 de la ma\u00f1ana, en la sede de la Federaci\u00f3n Dominicana de Lucha.<\/p>\n","protected":false},"author":19,"featured_media":97306,"comment_status":"closed","ping_status":"closed","sticky":false,"template":"","format":"standard","meta":[],"categories":[2,60],"tags":[79718],"acf":[],"_links":{"self":[{"href":"https:\/\/colimdo.org\/wp-api\/wp\/v2\/posts\/97305"}],"collection":[{"href":"https:\/\/colimdo.org\/wp-api\/wp\/v2\/posts"}],"about":[{"href":"https:\/\/colimdo.org\/wp-api\/wp\/v2\/types\/post"}],"author":[{"embeddable":true,"href":"https:\/\/colimdo.org\/wp-api\/wp\/v2\/users\/19"}],"replies":[{"embeddable":true,"href":"https:\/\/colimdo.org\/wp-api\/wp\/v2\/comments?post=97305"}],"version-history":[{"count":2,"href":"https:\/\/colimdo.org\/wp-api\/wp\/v2\/posts\/97305\/revisions"}],"predecessor-version":[{"id":97309,"href":"https:\/\/colimdo.org\/wp-api\/wp\/v2\/posts\/97305\/revisions\/97309"}],"wp:featuredmedia":[{"embeddable":true,"href":"https:\/\/colimdo.org\/wp-api\/wp\/v2\/media\/97306"}],"wp:attachment":[{"href":"https:\/\/colimdo.org\/wp-api\/wp\/v2\/media?parent=97305"}],"wp:term":[{"taxonomy":"category","embeddable":true,"href":"https:\/\/colimdo.org\/wp-api\/wp\/v2\/categories?post=97305"},{"taxonomy":"post_tag","embeddable":true,"href":"https:\/\/colimdo.org\/wp-api\/wp\/v2\/tags?post=97305"}],"curies":[{"name":"wp","href":"https:\/\/api.w.org\/{rel}","templated":true}]}}