{"id":97391,"date":"2021-10-17T21:52:54","date_gmt":"2021-10-17T21:52:54","guid":{"rendered":"https:\/\/colimdo.org\/?p=97391"},"modified":"2021-10-17T21:52:54","modified_gmt":"2021-10-17T21:52:54","slug":"toros-del-este-hacen-entrega-anillos-del-historico-campeonato","status":"publish","type":"post","link":"https:\/\/colimdo.org\/noticias\/toros-del-este-hacen-entrega-anillos-del-historico-campeonato\/","title":{"rendered":"Toros del Este hacen entrega anillos del hist\u00f3rico campeonato"},"content":{"rendered":"<p>Los\u00a0<span class=\"il\">Toros<\/span>\u00a0del Este hicieron formal entrega de los anillos de campeones de la temporada 2019-20, luego de retrasos y complicaciones propias de la \u00e9poca de pandemia que no permitieron que se hiciera la temporada pasada.<\/p>\n<p>Jugadores, coaches y staff recibieron la sortija en un encuentro celebrado este s\u00e1bado luego de las pr\u00e1cticas taurinas, en el Restaurante Dom Ham de La Romana, encabezado por Luis Emilio Rodr\u00edguez Amiama, presidente de los\u00a0<span class=\"il\">Toros<\/span>, y Jorge Sturla, vicepredente del club.<\/p>\n<p>\u201cLa pandemia impidi\u00f3 muchas cosas. Nos alej\u00f3 unos de otros, se llev\u00f3 a seres queridos, nos impuso un distanciamiento y evit\u00f3 que pudi\u00e9ramos celebrar como quer\u00edamos,\u201d dijo Jorge Sturla durante el evento. \u201cSin embargo, no pudo quitarnos el sello de Campeones Nacionales y del Caribe 2020,\u201d puntualiz\u00f3.<\/p>\n<p>La actividad tuvo una especial dedicatoria a Eulogio \u2013 Frankie \u2013 De la Cruz, parte del equipo campe\u00f3n, fallecido el pasado mes de marzo. Su madre, hermanos y otros familiares estuvieron presente recibiendo su anillo del campeonato 2020.<\/p>\n<p>Nuestro gerente a su llegada habl\u00f3 de querer crear un legado para los\u00a0<span class=\"il\">Toros<\/span>, hemos mantenido el n\u00facleo del equipo \u00edntegro y esto es solo un paso de este legado.\u00a0 La meta es darle continuidad a ese legado,\u201d manifest\u00f3 Rodr\u00edguez Amiama en la actividad.<\/p>\n<p>\u201cNos hubiera gustado recibir esto antes, pero Dios ten\u00eda otros planes.\u00a0 Ver esto en nuestras manos nos da m\u00e1s hambre de volver a conseguir otro t\u00edtulo para La Romana y el Este,\u201d dijo Lino Rivera, capataz de los\u00a0<span class=\"il\">Toros<\/span>.<\/p>\n<p>El anillo fue dise\u00f1ado y fabricado por la empresa Jostens con sede en Minneapolis, Minnesota.<\/p>\n","protected":false},"excerpt":{"rendered":"<p>Jugadores, coaches y staff recibieron la sortija en un encuentro celebrado este s\u00e1bado luego de las pr\u00e1cticas taurinas.<\/p>\n","protected":false},"author":20,"featured_media":97392,"comment_status":"closed","ping_status":"closed","sticky":false,"template":"","format":"standard","meta":[],"categories":[2],"tags":[24392,25010],"acf":[],"_links":{"self":[{"href":"https:\/\/colimdo.org\/wp-api\/wp\/v2\/posts\/97391"}],"collection":[{"href":"https:\/\/colimdo.org\/wp-api\/wp\/v2\/posts"}],"about":[{"href":"https:\/\/colimdo.org\/wp-api\/wp\/v2\/types\/post"}],"author":[{"embeddable":true,"href":"https:\/\/colimdo.org\/wp-api\/wp\/v2\/users\/20"}],"replies":[{"embeddable":true,"href":"https:\/\/colimdo.org\/wp-api\/wp\/v2\/comments?post=97391"}],"version-history":[{"count":1,"href":"https:\/\/colimdo.org\/wp-api\/wp\/v2\/posts\/97391\/revisions"}],"predecessor-version":[{"id":97393,"href":"https:\/\/colimdo.org\/wp-api\/wp\/v2\/posts\/97391\/revisions\/97393"}],"wp:featuredmedia":[{"embeddable":true,"href":"https:\/\/colimdo.org\/wp-api\/wp\/v2\/media\/97392"}],"wp:attachment":[{"href":"https:\/\/colimdo.org\/wp-api\/wp\/v2\/media?parent=97391"}],"wp:term":[{"taxonomy":"category","embeddable":true,"href":"https:\/\/colimdo.org\/wp-api\/wp\/v2\/categories?post=97391"},{"taxonomy":"post_tag","embeddable":true,"href":"https:\/\/colimdo.org\/wp-api\/wp\/v2\/tags?post=97391"}],"curies":[{"name":"wp","href":"https:\/\/api.w.org\/{rel}","templated":true}]}}