{"id":97430,"date":"2021-10-18T21:03:37","date_gmt":"2021-10-18T21:03:37","guid":{"rendered":"https:\/\/colimdo.org\/?p=97430"},"modified":"2021-10-18T21:03:37","modified_gmt":"2021-10-18T21:03:37","slug":"la-sedofutbol-femenina-se-reune-preparar-amistosos-ante-bolivia","status":"publish","type":"post","link":"https:\/\/colimdo.org\/noticias\/la-sedofutbol-femenina-se-reune-preparar-amistosos-ante-bolivia\/","title":{"rendered":"La Sedof\u00fatbol Femenina se re\u00fane para preparar amistosos ante Bolivia"},"content":{"rendered":"<p style=\"font-weight: 400;\"><strong>SANTO DOMINGO.-<\/strong> La Sedof\u00fatbol Absoluta Femenina comenzar\u00e1 a trabajar desde este martes 19 de octubre con las 22 jugadoras que fueron convocadas para disputar dos partidos de preparaci\u00f3n ante su similar de Bolivia, los d\u00edas viernes 22 en el Estadio Cibao FC de Santiago de los Caballeros y lunes 25 en el Estadio Ol\u00edmpico F\u00e9lix S\u00e1nchez de Santo Domingo, ambos duelos en horario de 5:00 PM.<\/p>\n<p style=\"font-weight: 400;\">El combinado nacional femenino aprovechar\u00e1 estos dos cotejos ante la selecci\u00f3n sudamericana para continuar su preparaci\u00f3n de cara a las Eliminatorias Mundialistas de Concacaf que se avecinan.<\/p>\n<p style=\"font-weight: 400;\">El grupo de futbolistas ten\u00eda previsto ingresar al hotel de concentraci\u00f3n desde el lunes 18 para ponerse a disposici\u00f3n del seleccionador nacional, Jos\u00e9 \u201cbeni\u201d Rubido, con el cual estar\u00e1n trabajando a doble turno, con sesi\u00f3n de gimnasio por la ma\u00f1ana y entrenamiento de campo por la tarde para el primer d\u00eda, mientras que el resto de la semana ser\u00e1 a la inversa, a excepci\u00f3n de los d\u00edas de partidos.<\/p>\n<p style=\"font-weight: 400;\">Entre las novedades de la convocatoria est\u00e1n Luc\u00eda Marte Le\u00f3n (Real Betis \u2013 Espa\u00f1a), Gabriella Cuevas (Ku PS \u2013 Finlandia) y Vanessa Kara (Racing Louisville \u2013 USA), quienes est\u00e1n atendiendo su segundo llamado a la selecci\u00f3n, as\u00ed como Angelina Vargas (sub-17) y Mirda Minyeti (sub-20), ambas fueron llamadas para comenzar a insertarlas en el modelo de trabajo a pesar de pertenecer a categor\u00edas inferiores.<\/p>\n","protected":false},"excerpt":{"rendered":"<p>La Sedof\u00fatbol Absoluta Femenina comenzar\u00e1 a trabajar desde este martes 19 de octubre con las 22 jugadoras que fueron convocadas para disputar dos partidos de preparaci\u00f3n ante su similar de Bolivia.<\/p>\n","protected":false},"author":20,"featured_media":97431,"comment_status":"closed","ping_status":"closed","sticky":false,"template":"","format":"standard","meta":[],"categories":[3,2,60],"tags":[79775,83201],"acf":[],"_links":{"self":[{"href":"https:\/\/colimdo.org\/wp-api\/wp\/v2\/posts\/97430"}],"collection":[{"href":"https:\/\/colimdo.org\/wp-api\/wp\/v2\/posts"}],"about":[{"href":"https:\/\/colimdo.org\/wp-api\/wp\/v2\/types\/post"}],"author":[{"embeddable":true,"href":"https:\/\/colimdo.org\/wp-api\/wp\/v2\/users\/20"}],"replies":[{"embeddable":true,"href":"https:\/\/colimdo.org\/wp-api\/wp\/v2\/comments?post=97430"}],"version-history":[{"count":1,"href":"https:\/\/colimdo.org\/wp-api\/wp\/v2\/posts\/97430\/revisions"}],"predecessor-version":[{"id":97432,"href":"https:\/\/colimdo.org\/wp-api\/wp\/v2\/posts\/97430\/revisions\/97432"}],"wp:featuredmedia":[{"embeddable":true,"href":"https:\/\/colimdo.org\/wp-api\/wp\/v2\/media\/97431"}],"wp:attachment":[{"href":"https:\/\/colimdo.org\/wp-api\/wp\/v2\/media?parent=97430"}],"wp:term":[{"taxonomy":"category","embeddable":true,"href":"https:\/\/colimdo.org\/wp-api\/wp\/v2\/categories?post=97430"},{"taxonomy":"post_tag","embeddable":true,"href":"https:\/\/colimdo.org\/wp-api\/wp\/v2\/tags?post=97430"}],"curies":[{"name":"wp","href":"https:\/\/api.w.org\/{rel}","templated":true}]}}