{"id":97504,"date":"2021-10-20T15:46:43","date_gmt":"2021-10-20T15:46:43","guid":{"rendered":"https:\/\/colimdo.org\/?p=97504"},"modified":"2021-10-20T15:46:57","modified_gmt":"2021-10-20T15:46:57","slug":"la-llama-olimpica-los-juegos-invierno-llega-beijing","status":"publish","type":"post","link":"https:\/\/colimdo.org\/noticias\/la-llama-olimpica-los-juegos-invierno-llega-beijing\/","title":{"rendered":"Llama ol\u00edmpica de los Juegos de Invierno llega a Beijing"},"content":{"rendered":"<p>La llama ol\u00edmpica lleg\u00f3 el mi\u00e9rcoles a Beijing en medio de llamadas de voces cr\u00edticas en el extranjero a boicotear los Juegos de Invierno, que se celebran del 4 al 20 de febrero.<\/p>\n<p>El secretario del Partido Comunista de Beijing, Cai Qi el funcionario de mayor rango de la capital china, recibi\u00f3 la llama en una protegida ceremonia en el aeropuerto.<\/p>\n<p>Beijing celebr\u00f3 con \u00e9xito los Juegos de Verano de 2008, aunque la cita no produjo la apertura pol\u00edtica y social en China que muchos esperaban.<\/p>\n<p>Grupos activistas interrumpieron el lunes la ceremonia de encendido de la llama ol\u00edmpica en el sur de Grecia y acusaron al Comit\u00e9 Ol\u00edmpico Internacional de legitimar los abusos de derechos en China. Los responsables del COI han dicho estar comprometidos con que la competici\u00f3n siga su curso y se\u00f1alan que las cuestiones de derechos no entran en sus competencias.<\/p>\n<p>En declaraciones en el antiguo estadio de Olimpia, el presidente del COI, Thomas Bach, dijo que los juegos deb\u00edan \u201crespetarse como terreno pol\u00edtico neutral\u201d.<\/p>\n<p>Los activistas dijeron el martes que la situaci\u00f3n de derechos humanos en China ha empeorado desde 2008 y afirman que los Juegos de Verano \u201cenvalentonaron\u201d a China. En esos a\u00f1os, el l\u00edder del Partido Comunista, Xi Jinping, ha consolidado su poder sobre casi todos los aspectos de la sociedad china.<\/p>\n<p>Beijing es la primera ciudad que acoger\u00e1 los juegos de verano y los de invierno, debido en gran parte a los reparos de ciudades europeas y norteamericanas de ofrecerse a organizar la cita de 2022.<\/p>\n<p>Por su parte, los activistas de derechos humanos se\u00f1alan que la opresi\u00f3n china sobre los disidentes pol\u00edticos y grupos minoritarios como los budistas tibetanos y musulmanes uigures, as\u00ed como la represi\u00f3n pol\u00edtica en Hong Kong, deber\u00edan hacer que deportistas y pol\u00edticos no acudieran a los Juegos.<\/p>\n<p>La llama ol\u00edmpica estar\u00e1 expuesta los pr\u00f3ximos meses, con un relevo de tres d\u00edas previsto a partir del 2 de febrero y en el que participar\u00edan unos 1.200 portadores de la antorcha en Beijing, el suburbio de Yanqing y Zhangjiakou, en la cercana provincia de Hebei, donde se celebrar\u00e1n el salto de esqu\u00ed y otras competiciones al aire libre.<\/p>\n","protected":false},"excerpt":{"rendered":"<p>El secretario del Partido Comunista de Beijing, Cai Qi el funcionario de mayor rango de la capital china, recibi\u00f3 la llama en una protegida ceremonia en el aeropuerto.<\/p>\n","protected":false},"author":19,"featured_media":97505,"comment_status":"closed","ping_status":"closed","sticky":false,"template":"","format":"standard","meta":[],"categories":[5,2],"tags":[79718],"acf":[],"_links":{"self":[{"href":"https:\/\/colimdo.org\/wp-api\/wp\/v2\/posts\/97504"}],"collection":[{"href":"https:\/\/colimdo.org\/wp-api\/wp\/v2\/posts"}],"about":[{"href":"https:\/\/colimdo.org\/wp-api\/wp\/v2\/types\/post"}],"author":[{"embeddable":true,"href":"https:\/\/colimdo.org\/wp-api\/wp\/v2\/users\/19"}],"replies":[{"embeddable":true,"href":"https:\/\/colimdo.org\/wp-api\/wp\/v2\/comments?post=97504"}],"version-history":[{"count":2,"href":"https:\/\/colimdo.org\/wp-api\/wp\/v2\/posts\/97504\/revisions"}],"predecessor-version":[{"id":97507,"href":"https:\/\/colimdo.org\/wp-api\/wp\/v2\/posts\/97504\/revisions\/97507"}],"wp:featuredmedia":[{"embeddable":true,"href":"https:\/\/colimdo.org\/wp-api\/wp\/v2\/media\/97505"}],"wp:attachment":[{"href":"https:\/\/colimdo.org\/wp-api\/wp\/v2\/media?parent=97504"}],"wp:term":[{"taxonomy":"category","embeddable":true,"href":"https:\/\/colimdo.org\/wp-api\/wp\/v2\/categories?post=97504"},{"taxonomy":"post_tag","embeddable":true,"href":"https:\/\/colimdo.org\/wp-api\/wp\/v2\/tags?post=97504"}],"curies":[{"name":"wp","href":"https:\/\/api.w.org\/{rel}","templated":true}]}}