{"id":97924,"date":"2021-10-29T16:33:49","date_gmt":"2021-10-29T16:33:49","guid":{"rendered":"https:\/\/colimdo.org\/?p=97924"},"modified":"2021-10-29T16:42:07","modified_gmt":"2021-10-29T16:42:07","slug":"haran-campamento-jugadores-mas-destacados-liga-desarrollo-sub22","status":"publish","type":"post","link":"https:\/\/colimdo.org\/noticias\/haran-campamento-jugadores-mas-destacados-liga-desarrollo-sub22\/","title":{"rendered":"Har\u00e1n campamento con jugadores m\u00e1s destacados de Liga de Desarrollo sub22"},"content":{"rendered":"<div dir=\"auto\"><b>SANTO DOMINGO<\/b>. La Liga Nacional de Desarrollo de baloncesto U-22 realizar\u00e1 un campamento nacional\u00a0 con los jugadores m\u00e1s destacados de la primera temporada que fue ganada por los Areperos de San Carlos a principios de este mes.<\/div>\n<div dir=\"auto\"><\/div>\n<div dir=\"auto\">El campamento se desarrollar\u00e1 los d\u00edas 1 y 2 y 8 y 9 de noviembre en el Palacio de los Deportes, en horarios de 10:00 a.m. a 12:30 p.m. y de 4:00 p.m. a 6:00 p.m.<\/div>\n<div dir=\"auto\"><\/div>\n<div dir=\"auto\">El campamento estar\u00e1 dirigido &#8220;a 52 atletas de los que participaron en la Liga Nacional de Desarrollo&#8221;, dijo Melvin L\u00f3pez, miembro del cuerpo de entrenadores de la Fedombal. &#8220;Participar\u00e1n tambi\u00e9n cuatro entrenadores de esa misma liga&#8221;.<\/div>\n<div dir=\"auto\"><\/div>\n<div dir=\"auto\">El campamento estar\u00e1 dirigido por el director del Programa de Selecciones Nacionales, Jos\u00e9 -Ma\u00edta- Mercedes, acompa\u00f1ado por el cuerpo de entrenadores de la Fedombal.<\/div>\n<div dir=\"auto\"><\/div>\n<div dir=\"auto\">En el campamento se ofrecer\u00e1 a los jugadores trabajos en distintas \u00e1reas, que incluye desarrollo de habilidades, condici\u00f3n f\u00edsica, charlas educativas (entre otras, prevenci\u00f3n de drogas), as\u00ed como de conducta y valores, t\u00e9cnicas y t\u00e1cticas de baloncesto.<\/div>\n<div dir=\"auto\"><\/div>\n<div dir=\"auto\">&#8220;Vamos a estar realizando actividades para desarrollar las habilidades tanto de los jugadores como de los entrenadores y tambi\u00e9n queremos proyectar la mejora de sus habilidades t\u00e9cnicas&#8221;, dijo L\u00f3pez.<\/div>\n<div dir=\"auto\"><\/div>\n<div dir=\"auto\">Antes de la celebraci\u00f3n de los cuartos de final de la Liga, tanto L\u00f3pez como el presidente de la Fedombal plantearon la conformaci\u00f3n de una preselecci\u00f3n de esa categor\u00eda, lo cual se espera se haga en el mes de diciembre.<\/div>\n<div dir=\"auto\"><\/div>\n<div dir=\"auto\">Los Areperos de San Carlos ganaron el primer campeonato de la Liga de Desarrollo sub22 al vencer en el \u00fanico partido por el t\u00edtulo a los Constituyentes de San Crist\u00f3bal el pasado 10 de octubre.<\/div>\n<div dir=\"auto\"><\/div>\n<div dir=\"auto\">La Liga Nacional de Desarrollo es un proyecto auspiciado por la Federaci\u00f3n Dominicana de Baloncesto que dirige Rafael Uribe.<\/div>\n","protected":false},"excerpt":{"rendered":"<p>La LND realizar\u00e1 un campamento nacional\u00a0 con los jugadores m\u00e1s destacados de la primera temporada que fue ganada por los Areperos de San Carlos.<\/p>\n","protected":false},"author":20,"featured_media":97925,"comment_status":"closed","ping_status":"closed","sticky":false,"template":"","format":"standard","meta":[],"categories":[3,2,60],"tags":[80075,81500],"acf":[],"_links":{"self":[{"href":"https:\/\/colimdo.org\/wp-api\/wp\/v2\/posts\/97924"}],"collection":[{"href":"https:\/\/colimdo.org\/wp-api\/wp\/v2\/posts"}],"about":[{"href":"https:\/\/colimdo.org\/wp-api\/wp\/v2\/types\/post"}],"author":[{"embeddable":true,"href":"https:\/\/colimdo.org\/wp-api\/wp\/v2\/users\/20"}],"replies":[{"embeddable":true,"href":"https:\/\/colimdo.org\/wp-api\/wp\/v2\/comments?post=97924"}],"version-history":[{"count":2,"href":"https:\/\/colimdo.org\/wp-api\/wp\/v2\/posts\/97924\/revisions"}],"predecessor-version":[{"id":97927,"href":"https:\/\/colimdo.org\/wp-api\/wp\/v2\/posts\/97924\/revisions\/97927"}],"wp:featuredmedia":[{"embeddable":true,"href":"https:\/\/colimdo.org\/wp-api\/wp\/v2\/media\/97925"}],"wp:attachment":[{"href":"https:\/\/colimdo.org\/wp-api\/wp\/v2\/media?parent=97924"}],"wp:term":[{"taxonomy":"category","embeddable":true,"href":"https:\/\/colimdo.org\/wp-api\/wp\/v2\/categories?post=97924"},{"taxonomy":"post_tag","embeddable":true,"href":"https:\/\/colimdo.org\/wp-api\/wp\/v2\/tags?post=97924"}],"curies":[{"name":"wp","href":"https:\/\/api.w.org\/{rel}","templated":true}]}}