{"id":97958,"date":"2021-10-30T22:26:42","date_gmt":"2021-10-30T22:26:42","guid":{"rendered":"https:\/\/colimdo.org\/?p=97958"},"modified":"2021-10-30T22:26:42","modified_gmt":"2021-10-30T22:26:42","slug":"facultad-educacion-conquista-edicion-40-los-tony-barreiro-taekwondo","status":"publish","type":"post","link":"https:\/\/colimdo.org\/noticias\/facultad-educacion-conquista-edicion-40-los-tony-barreiro-taekwondo\/","title":{"rendered":"Facultad Educaci\u00f3n conquista edici\u00f3n 40 de los Tony Barreiro de Taekwondo"},"content":{"rendered":"<p><strong>SANTO DOMINGO.-<\/strong>El equipo representativo de la Facultad de Educaci\u00f3n se alz\u00f3 con el primer lugar, dentro del marco de los Juegos Deportivos Universitarios &#8220;Tony Barreiro&#8221; de Taekwondo, celebrado con \u00e9xito en el polideportivo de la alta casa de estudios.<\/p>\n<p>Los atletas de la Facultad de Educaci\u00f3n acumularon los mejores registros para superar al Centro UASD de Santiago, que ocup\u00f3 la segunda posici\u00f3n.<\/p>\n<p>De su lado el tercer lugar correspondi\u00f3 al Centro UASD de Hato Mayor, mientras que el cuarto fue ocupado por la Facultad de Artes.<\/p>\n<p>Esta fue la edici\u00f3n n\u00famero 40 de los Juegos Tony Berreiro, el evento de mayor nivel realizado por la UASD.<\/p>\n<p>*Ceremonia*<\/p>\n<p>Previo a los combates se llev\u00f3 a cabo una ceremonia en la que el director general del evento, M.A V\u00edctor P\u00e9rez, pronunci\u00f3 las palabras centrales.<\/p>\n<p>P\u00e9rez exhort\u00f3 a las autoridades universitarias dar un mayor apoyo al deporte e indic\u00f3 que todos los estudiantes deben hacer deportes.<\/p>\n<p>Sugiri\u00f3 a la rectora el nombramiento de entrenadores de Taekwondo y adem\u00e1s un mayor respaldo e inversi\u00f3n en los atletas.<\/p>\n<p>El profesor Nelson Fulcar, subdirector del Instituto Nacional de Educaci\u00f3n F\u00edsica (INEFI), peonunci\u00f3 las palabeas de exhortaci\u00f3n donde resalt\u00f3 la disciplina que impera en el deporte del taekwond\u00f3.<\/p>\n<p>&#8220;Queremos que ustedes sean los mejores atletas medallistas, pero tambi\u00e9n queremos que sean los mejores profesionales&#8221;, sostuvo.<\/p>\n<p>Las palabras de bienvenida fueron dichas por Durven Garc\u00eda, subdirectora de Deportes de la UASD, mientras que tambi\u00e9n habl\u00f3 Reymundo Mej\u00eda, presidente de la Liga de Taekwondo de la UASD.<\/p>\n<p>El jueramento deportivo estuvo a cargo de la atleta Mayerlin Mej\u00eda, en tanto que el de los \u00e1rbitros por Yerfis Amarante.<\/p>\n<p>El evento qued\u00f3 oficialmente con la salida de honor a cargo del profesor Nelson Fulcar, Alexis Mart\u00ednez, Decano de la Facultad de Ciencias Econ\u00f3micas y Sociales, Dioni Rufino, Decano Facultad de Artes y el \u00e1rbitro Yerfis Amarante.<\/p>\n","protected":false},"excerpt":{"rendered":"<p>Los atletas de la Facultad de Educaci\u00f3n acumularon los mejores registros para superar al Centro UASD de Santiago, que ocup\u00f3 la segunda posici\u00f3n.<\/p>\n","protected":false},"author":19,"featured_media":97959,"comment_status":"closed","ping_status":"closed","sticky":false,"template":"","format":"standard","meta":[],"categories":[2,60],"tags":[79718],"acf":[],"_links":{"self":[{"href":"https:\/\/colimdo.org\/wp-api\/wp\/v2\/posts\/97958"}],"collection":[{"href":"https:\/\/colimdo.org\/wp-api\/wp\/v2\/posts"}],"about":[{"href":"https:\/\/colimdo.org\/wp-api\/wp\/v2\/types\/post"}],"author":[{"embeddable":true,"href":"https:\/\/colimdo.org\/wp-api\/wp\/v2\/users\/19"}],"replies":[{"embeddable":true,"href":"https:\/\/colimdo.org\/wp-api\/wp\/v2\/comments?post=97958"}],"version-history":[{"count":1,"href":"https:\/\/colimdo.org\/wp-api\/wp\/v2\/posts\/97958\/revisions"}],"predecessor-version":[{"id":97960,"href":"https:\/\/colimdo.org\/wp-api\/wp\/v2\/posts\/97958\/revisions\/97960"}],"wp:featuredmedia":[{"embeddable":true,"href":"https:\/\/colimdo.org\/wp-api\/wp\/v2\/media\/97959"}],"wp:attachment":[{"href":"https:\/\/colimdo.org\/wp-api\/wp\/v2\/media?parent=97958"}],"wp:term":[{"taxonomy":"category","embeddable":true,"href":"https:\/\/colimdo.org\/wp-api\/wp\/v2\/categories?post=97958"},{"taxonomy":"post_tag","embeddable":true,"href":"https:\/\/colimdo.org\/wp-api\/wp\/v2\/tags?post=97958"}],"curies":[{"name":"wp","href":"https:\/\/api.w.org\/{rel}","templated":true}]}}