{"id":98165,"date":"2021-11-04T18:49:10","date_gmt":"2021-11-04T18:49:10","guid":{"rendered":"https:\/\/colimdo.org\/?p=98165"},"modified":"2021-11-04T19:11:25","modified_gmt":"2021-11-04T19:11:25","slug":"embajador-espanol-resalta-cualidades-deportistas-dominicanos","status":"publish","type":"post","link":"https:\/\/colimdo.org\/noticias\/embajador-espanol-resalta-cualidades-deportistas-dominicanos\/","title":{"rendered":"Embajador espa\u00f1ol resalta cualidades deportistas dominicanos"},"content":{"rendered":"<div><span lang=\"ES-DO\"><b>SANTO DOMINGO.-<\/b>\u00a0El Embajador de Espa\u00f1a en el pa\u00eds, se\u00f1or Antonio P\u00e9rez Hern\u00e1ndez, destac\u00f3 que la Rep\u00fablica Dominicana posee grandes atractivos y que uno de ellos es el deporte. \u00a0<\/span><\/div>\n<div><span lang=\"ES-DO\">\u00a0<\/span><\/div>\n<div>El diplom\u00e1tico elogi\u00f3 la calidad atl\u00e9tica de la velocista Marileidy Paulino, ganadora de dos medallas de plata en los reci\u00e9n celebrados Juegos Ol\u00edmpicos de Tokio.<\/div>\n<div><\/div>\n<div><span lang=\"ES-DO\">Igualmente, P\u00e9rez Hern\u00e1ndez se refiri\u00f3 a la calidad humana de Paulino y resalt\u00f3 los lazos que unen a Espa\u00f1a y a Rep\u00fablica Dominicana, reiterando que esa naci\u00f3n continuar\u00e1 dando soporte al pa\u00eds, especialmente en el \u00e1rea deportiva. \u00a0<\/span><\/div>\n<div><span lang=\"ES-DO\">\u00a0<\/span><\/div>\n<div><span lang=\"ES-DO\">\u201cLos casos como el de Marileidy ayudan en gran manera a impulsar el desarrollo de la pr\u00e1ctica deportiva\u201d, agreg\u00f3 P\u00e9rez Hern\u00e1ndez. \u00a0<\/span><\/div>\n<div><span lang=\"ES-DO\">\u00a0<\/span><\/div>\n<div><span lang=\"ES-DO\">El representante diplom\u00e1tico espa\u00f1ol en el pa\u00eds ofreci\u00f3 sus declaraciones al recibir en su residencia de esta capital a una comitiva del Comit\u00e9 Ol\u00edmpico Dominicano, encabezada por el licenciado Antonio Acosta, presidente de ese organismo, quien estuvo acompa\u00f1ado de Gerardo Suero Correa, co secretario del COD y presidente de la Federaci\u00f3n Dominicana de Asociaciones de Atletismo, as\u00ed como del entrenador Yaseen P\u00e9rez y la velocista Marileidy Paulino. \u00a0<\/span><\/div>\n<div><span lang=\"ES-DO\">\u00a0<\/span><\/div>\n<div>De su lado, el licenciado Acosta agradeci\u00f3 el recibimiento que le dispensaron el embajador P\u00e9rez Hern\u00e1ndez y su esposa Pilar Llado.<\/div>\n<div><\/div>\n<div><span lang=\"ES-DO\">\u201cHoy nos llena de satisfacci\u00f3n este recibimiento y ayudar\u00e1 a fortalecer los lazos entre el COD y la embajada de Espa\u00f1a\u201d, dijo Acosta al hacer uso de la palabra durante el encuentro. \u00a0<\/span><\/div>\n","protected":false},"excerpt":{"rendered":"<p>El diplom\u00e1tico elogi\u00f3 la calidad atl\u00e9tica de la velocista Marileidy Paulino, ganadora de dos medallas de plata en los reci\u00e9n celebrados Juegos Ol\u00edmpicos de Tokio. \u00a0<\/p>\n","protected":false},"author":19,"featured_media":98166,"comment_status":"closed","ping_status":"closed","sticky":false,"template":"","format":"standard","meta":[],"categories":[2,79855],"tags":[79718,83963],"acf":[],"_links":{"self":[{"href":"https:\/\/colimdo.org\/wp-api\/wp\/v2\/posts\/98165"}],"collection":[{"href":"https:\/\/colimdo.org\/wp-api\/wp\/v2\/posts"}],"about":[{"href":"https:\/\/colimdo.org\/wp-api\/wp\/v2\/types\/post"}],"author":[{"embeddable":true,"href":"https:\/\/colimdo.org\/wp-api\/wp\/v2\/users\/19"}],"replies":[{"embeddable":true,"href":"https:\/\/colimdo.org\/wp-api\/wp\/v2\/comments?post=98165"}],"version-history":[{"count":1,"href":"https:\/\/colimdo.org\/wp-api\/wp\/v2\/posts\/98165\/revisions"}],"predecessor-version":[{"id":98167,"href":"https:\/\/colimdo.org\/wp-api\/wp\/v2\/posts\/98165\/revisions\/98167"}],"wp:featuredmedia":[{"embeddable":true,"href":"https:\/\/colimdo.org\/wp-api\/wp\/v2\/media\/98166"}],"wp:attachment":[{"href":"https:\/\/colimdo.org\/wp-api\/wp\/v2\/media?parent=98165"}],"wp:term":[{"taxonomy":"category","embeddable":true,"href":"https:\/\/colimdo.org\/wp-api\/wp\/v2\/categories?post=98165"},{"taxonomy":"post_tag","embeddable":true,"href":"https:\/\/colimdo.org\/wp-api\/wp\/v2\/tags?post=98165"}],"curies":[{"name":"wp","href":"https:\/\/api.w.org\/{rel}","templated":true}]}}