{"id":98169,"date":"2021-11-04T19:50:40","date_gmt":"2021-11-04T19:50:40","guid":{"rendered":"https:\/\/colimdo.org\/?p=98169"},"modified":"2021-11-04T19:55:03","modified_gmt":"2021-11-04T19:55:03","slug":"cod-entregara-premio-metalicos-atletas-premiados","status":"publish","type":"post","link":"https:\/\/colimdo.org\/noticias\/cod-entregara-premio-metalicos-atletas-premiados\/","title":{"rendered":"COD entregar\u00e1 premio met\u00e1licos a atletas premiados"},"content":{"rendered":"<div><b>SANTO DOMINGO.-<\/b>\u00a0El Comit\u00e9 Ol\u00edmpico Dominicano (COD) entregar\u00e1 al Atleta del A\u00f1o un premio met\u00e1lico ascendente a un mill\u00f3n de pesos, mientras que a cada uno de los atletas presentado por cada federaci\u00f3n como el m\u00e1s destacado, recibir\u00e1 un premio de 50 mil pesos.<\/div>\n<div><\/div>\n<div>El anuncio lo hizo el licenciado Antonio Acosta, presidente del COD, quien destac\u00f3 que los premios met\u00e1licos constituyen un incentivo al desempe\u00f1o de cada uno de estos atletas.<\/div>\n<div><\/div>\n<div>\u201cEstamos reconocimiendo con una estatuilla a cada uno de nuestros h\u00e9roes deportivos como testimonio a su trabajo, pero tambi\u00e9n estamos entregando un incentivo\u201d, dijo Acosta al dar la informaci\u00f3n.<\/div>\n<div><\/div>\n<div>Al gran premio Atleta del A\u00f1o han sido nominados Mar\u00eda Dimitrova, del deporte de karate; Bethania De la Cruz, de voleibol; Robert Pigozzi, de esqu\u00ed acu\u00e1tico y Ana Rosa, de judo.<\/div>\n<div><\/div>\n<div>El anuncio del o la ganadora de este premio ser\u00e1 hecho en el curso de la Gala y el o la ganadora recibir\u00e1, adem\u00e1s del trofeo que le acredita como Atleta del A\u00f1o, un premio met\u00e1lico de un mill\u00f3n de pesos.<\/div>\n<div><\/div>\n<div>En tanto que el ganador del premio Atleta del A\u00f1o de cada federaci\u00f3n ser\u00e1n galardonados con un trofeo y 50 mil pesos.<\/div>\n<div>El COD celebrar\u00e1 la tradicional Gran Gala Ol\u00edmpica de premiaci\u00f3n el pr\u00f3ximo domingo, a partir de las 11:00 de la ma\u00f1ana, durante un acto que tendr\u00e1 lugar en el Pabell\u00f3n de la Fama del Deporte Dominicano.<\/div>\n<div><\/div>\n<div>Acosta inform\u00f3 al evento han sido invitadas numerosas personalidades vinculadas al deporte.<\/div>\n<div><\/div>\n<div>\u201cEsta es nuestra gran fiesta del deporte y la celebraremos tomando todas las precauciones en estos tiempo de la pandemia del coronavirus\u201d, sostuvo el m\u00e1ximo dirigente deportivo.<\/div>\n<div><\/div>\n<div>Expres\u00f3 que se han tomado todas las previsiones para que se observe el distanciamiento adecuado, adem\u00e1s se exigir\u00e1 el uso de mascarillas.<\/div>\n","protected":false},"excerpt":{"rendered":"<p>Antonio Acosta, presidente del COD, quien destac\u00f3 que los premios met\u00e1licos constituyen un incentivo al desempe\u00f1o de cada uno de estos atletas.<\/p>\n","protected":false},"author":19,"featured_media":98170,"comment_status":"closed","ping_status":"closed","sticky":false,"template":"","format":"standard","meta":[],"categories":[3,2],"tags":[83966],"acf":[],"_links":{"self":[{"href":"https:\/\/colimdo.org\/wp-api\/wp\/v2\/posts\/98169"}],"collection":[{"href":"https:\/\/colimdo.org\/wp-api\/wp\/v2\/posts"}],"about":[{"href":"https:\/\/colimdo.org\/wp-api\/wp\/v2\/types\/post"}],"author":[{"embeddable":true,"href":"https:\/\/colimdo.org\/wp-api\/wp\/v2\/users\/19"}],"replies":[{"embeddable":true,"href":"https:\/\/colimdo.org\/wp-api\/wp\/v2\/comments?post=98169"}],"version-history":[{"count":2,"href":"https:\/\/colimdo.org\/wp-api\/wp\/v2\/posts\/98169\/revisions"}],"predecessor-version":[{"id":98172,"href":"https:\/\/colimdo.org\/wp-api\/wp\/v2\/posts\/98169\/revisions\/98172"}],"wp:featuredmedia":[{"embeddable":true,"href":"https:\/\/colimdo.org\/wp-api\/wp\/v2\/media\/98170"}],"wp:attachment":[{"href":"https:\/\/colimdo.org\/wp-api\/wp\/v2\/media?parent=98169"}],"wp:term":[{"taxonomy":"category","embeddable":true,"href":"https:\/\/colimdo.org\/wp-api\/wp\/v2\/categories?post=98169"},{"taxonomy":"post_tag","embeddable":true,"href":"https:\/\/colimdo.org\/wp-api\/wp\/v2\/tags?post=98169"}],"curies":[{"name":"wp","href":"https:\/\/api.w.org\/{rel}","templated":true}]}}