{"id":98201,"date":"2021-11-05T19:26:59","date_gmt":"2021-11-05T19:26:59","guid":{"rendered":"https:\/\/colimdo.org\/?p=98201"},"modified":"2021-11-05T19:26:59","modified_gmt":"2021-11-05T19:26:59","slug":"cod-celebra-este-domingo-gala-olimpica","status":"publish","type":"post","link":"https:\/\/colimdo.org\/noticias\/cod-celebra-este-domingo-gala-olimpica\/","title":{"rendered":"COD celebra este domingo Gala Ol\u00edmpica"},"content":{"rendered":"<div dir=\"ltr\"><b>SANTO DOMINGO.-\u00a0<\/b>La Gran Gala Atleta del A\u00f1o del Comit\u00e9 Ol\u00edmpico Dominicano (COD) tendr\u00e1 lugar este domingo, 7 de noviembre, en el audit\u00f3rium del Pabell\u00f3n de la Fama del Deporte Dominicano.<\/div>\n<div><\/div>\n<div>La actividad est\u00e1 programada para las 11:00 de la ma\u00f1ana y la misma ser\u00e1 animada por un programa de actividades culturales y art\u00edsticas.<\/div>\n<div><\/div>\n<div>El licenciado Antonio Acosta, presidente del COD, asegur\u00f3 que todo est\u00e1 listo para la celebraci\u00f3n de la Gran Gala del Atleta del A\u00f1o.<\/div>\n<div><\/div>\n<div>La tradicional Gala Ol\u00edmpica premia a los atletas m\u00e1s sobresalientes del pa\u00eds. Igualmente reconoce a entidades y personalidades que han colaborado denodadamente con el deporte.<\/div>\n<div><\/div>\n<div>En esta ocasi\u00f3n, Acosta dijo que se entregar\u00e1 un gran premio met\u00e1lico de un mill\u00f3n de pesos al deportista que resulte ganador del galard\u00f3n Atleta del A\u00f1o.<\/div>\n<div><\/div>\n<div>Al gran premio Atleta del A\u00f1o han sido nominados Mar\u00eda Dimitrova, del deporte de karate; Bethania De la Cruz, de voleibol; Robert Pigozzi, de esqu\u00ed acu\u00e1tico y Ana Rosa, de judo.<\/div>\n<div><\/div>\n<div>En tanto que el ganador del premio Atleta del A\u00f1o de cada federaci\u00f3n ser\u00e1 reconocido con un trofeo y un incentivo de 50 mil pesos.<\/div>\n<div><\/div>\n<div>El presidente del COD precis\u00f3 que los premios met\u00e1licos que se entregar\u00e1 a los deportistas constituyen un incentivo a cada uno de estos atletas.<\/div>\n<div><\/div>\n<div>\u201cEstamos reconociendo con una estatuilla a cada uno de nuestros h\u00e9roes deportivos como testimonio a su trabajo, pero tambi\u00e9n estamos entregando un incentivo\u201d, dijo Acosta, quien expresa que en esta ocasi\u00f3n esta celebraci\u00f3n coincide con el D\u00eda Nacional del Deporte.<\/div>\n","protected":false},"excerpt":{"rendered":"<p>La actividad est\u00e1 programada para las 11:00 de la ma\u00f1ana y la misma ser\u00e1 animada por un programa de actividades culturales y art\u00edsticas.<\/p>\n","protected":false},"author":19,"featured_media":98202,"comment_status":"closed","ping_status":"closed","sticky":false,"template":"","format":"standard","meta":[],"categories":[2,60],"tags":[79718],"acf":[],"_links":{"self":[{"href":"https:\/\/colimdo.org\/wp-api\/wp\/v2\/posts\/98201"}],"collection":[{"href":"https:\/\/colimdo.org\/wp-api\/wp\/v2\/posts"}],"about":[{"href":"https:\/\/colimdo.org\/wp-api\/wp\/v2\/types\/post"}],"author":[{"embeddable":true,"href":"https:\/\/colimdo.org\/wp-api\/wp\/v2\/users\/19"}],"replies":[{"embeddable":true,"href":"https:\/\/colimdo.org\/wp-api\/wp\/v2\/comments?post=98201"}],"version-history":[{"count":1,"href":"https:\/\/colimdo.org\/wp-api\/wp\/v2\/posts\/98201\/revisions"}],"predecessor-version":[{"id":98203,"href":"https:\/\/colimdo.org\/wp-api\/wp\/v2\/posts\/98201\/revisions\/98203"}],"wp:featuredmedia":[{"embeddable":true,"href":"https:\/\/colimdo.org\/wp-api\/wp\/v2\/media\/98202"}],"wp:attachment":[{"href":"https:\/\/colimdo.org\/wp-api\/wp\/v2\/media?parent=98201"}],"wp:term":[{"taxonomy":"category","embeddable":true,"href":"https:\/\/colimdo.org\/wp-api\/wp\/v2\/categories?post=98201"},{"taxonomy":"post_tag","embeddable":true,"href":"https:\/\/colimdo.org\/wp-api\/wp\/v2\/tags?post=98201"}],"curies":[{"name":"wp","href":"https:\/\/api.w.org\/{rel}","templated":true}]}}