{"id":98308,"date":"2021-11-08T14:38:11","date_gmt":"2021-11-08T14:38:11","guid":{"rendered":"https:\/\/colimdo.org\/?p=98308"},"modified":"2021-11-08T14:38:53","modified_gmt":"2021-11-08T14:38:53","slug":"pigozzi-padre-galardon-atleta-del-ano-no-imagine-estariamos-aqui","status":"publish","type":"post","link":"https:\/\/colimdo.org\/noticias\/pigozzi-padre-galardon-atleta-del-ano-no-imagine-estariamos-aqui\/","title":{"rendered":"Pigozzi padre sobre galard\u00f3n Atleta del A\u00f1o: \u201cNo imagin\u00e9 que estar\u00edamos aqu\u00ed\u201d"},"content":{"rendered":"<p><strong>JORGE LUIS TORRES, SANTO DOMINGO.- <\/strong>\u201cNo imagin\u00e9 que estar\u00edamos en este escenario. Uno se traza metas pero al inicio el esfuerzo es muy grande\u201d, expres\u00f3 el padre de seleccionado Atleta del A\u00f1o, Robert Pigozzi padre.<\/p>\n<p>El esquiador acu\u00e1tico fue escogido como el mejor atleta del a\u00f1o 2019 en la celebraci\u00f3n de la Gran Gala Ol\u00edmpica, que se llev\u00f3 a cabo la ma\u00f1ana del pasado domingo en el sal\u00f3n de eventos del Pabell\u00f3n de la Fama del Deporte dominicano.<\/p>\n<p>Pigozzi, quien adem\u00e1s de ser su padre es tambi\u00e9n su entrenador, destac\u00f3 la escogencia de su hijo al m\u00e1ximo galard\u00f3n que distingue a los atletas ol\u00edmpicos de la Rep\u00fablica Dominicana.<\/p>\n<p>\u201cEstoy orgulloso por el reconocimiento al trabajo que hemos hecho por muchos a\u00f1os. Esa es la raz\u00f3n de tantas horas de entrenamientos\u201d, manifest\u00f3 Pigozzi al equipo de prensa del Comit\u00e9 Ol\u00edmpico Dominicano.<\/p>\n<p>El destacado atleta super\u00f3 a los deportistas principales de ese a\u00f1o, tales como Bethania de la Cruz de voleibol, Ana Roja de judo y Mar\u00eda Dimitrova de karate.<\/p>\n<p>Adem\u00e1s de ser el Atleta del A\u00f1o, Pigozzi recibe un incentivo de un mill\u00f3n pesos.<\/p>\n<p>El mismo aprovech\u00f3 el momento para agradecer a su pap\u00e1, Robert Pigozzi, quien tambi\u00e9n es su entrenador.<\/p>\n<p>\u201cSin mi pap\u00e1 no estuviera hoy aqu\u00ed. Gracias a \u00e9l practico este deporte y a \u00e9l le debo mi carrera\u201d a\u00f1adi\u00f3 dominico-italiano.<\/p>\n<p>Robert se alz\u00f3 una presea dorada de estableci\u00f3 r\u00e9cord en los Juegos Panamericano de Lima en el 2019, tambi\u00e9n qued\u00f3 en la primera posici\u00f3n en Francia en el Bordeaux Slalom Cap Proam; plata en el Fungliss Proam, as\u00ed como la presea dorada del Clasificatorio M\u00e1ster Invitacional de Esqu\u00ed Acu\u00e1tico en Orlando, Florida, y el Abierto de Malib\u00fa, en Francia.<\/p>\n<p><strong>\u00a0<\/strong><\/p>\n","protected":false},"excerpt":{"rendered":"<p>El esquiador acu\u00e1tico fue escogido como el mejor atleta del a\u00f1o 2019 en la celebraci\u00f3n de la Gran Gala Ol\u00edmpica.<\/p>\n","protected":false},"author":19,"featured_media":98312,"comment_status":"closed","ping_status":"closed","sticky":false,"template":"","format":"standard","meta":[],"categories":[3,2],"tags":[83966],"acf":[],"_links":{"self":[{"href":"https:\/\/colimdo.org\/wp-api\/wp\/v2\/posts\/98308"}],"collection":[{"href":"https:\/\/colimdo.org\/wp-api\/wp\/v2\/posts"}],"about":[{"href":"https:\/\/colimdo.org\/wp-api\/wp\/v2\/types\/post"}],"author":[{"embeddable":true,"href":"https:\/\/colimdo.org\/wp-api\/wp\/v2\/users\/19"}],"replies":[{"embeddable":true,"href":"https:\/\/colimdo.org\/wp-api\/wp\/v2\/comments?post=98308"}],"version-history":[{"count":2,"href":"https:\/\/colimdo.org\/wp-api\/wp\/v2\/posts\/98308\/revisions"}],"predecessor-version":[{"id":98314,"href":"https:\/\/colimdo.org\/wp-api\/wp\/v2\/posts\/98308\/revisions\/98314"}],"wp:featuredmedia":[{"embeddable":true,"href":"https:\/\/colimdo.org\/wp-api\/wp\/v2\/media\/98312"}],"wp:attachment":[{"href":"https:\/\/colimdo.org\/wp-api\/wp\/v2\/media?parent=98308"}],"wp:term":[{"taxonomy":"category","embeddable":true,"href":"https:\/\/colimdo.org\/wp-api\/wp\/v2\/categories?post=98308"},{"taxonomy":"post_tag","embeddable":true,"href":"https:\/\/colimdo.org\/wp-api\/wp\/v2\/tags?post=98308"}],"curies":[{"name":"wp","href":"https:\/\/api.w.org\/{rel}","templated":true}]}}