{"id":98447,"date":"2021-11-11T01:19:01","date_gmt":"2021-11-11T01:19:01","guid":{"rendered":"https:\/\/colimdo.org\/?p=98447"},"modified":"2021-11-11T01:19:15","modified_gmt":"2021-11-11T01:19:15","slug":"seleccion-u20-enfrentara-belice-este-jueves-felix-sanchez","status":"publish","type":"post","link":"https:\/\/colimdo.org\/noticias\/seleccion-u20-enfrentara-belice-este-jueves-felix-sanchez\/","title":{"rendered":"Selecci\u00f3n U20 enfrentar\u00e1 a Belice este jueves en el F\u00e9lix S\u00e1nchez"},"content":{"rendered":"<p>SANTO DOMINGO.- Rep\u00fablica Dominicana jugar\u00e1 este jueves 11 de noviembre contra Belice desde las 7:00 de la noche en el Estadio Ol\u00edmpico F\u00e9lix S\u00e1nchez, en lo que ser\u00e1 la tercera presentaci\u00f3n del elenco nacional en el Clasificatorio U20 Masculino de Concacaf en su ruta hacia la Copa Mundial Indonesia 2023.<\/p>\n<p>La Sedof\u00fatbol llega con puntaje perfecto en dos compromisos y sin recibir goles, pero con la ausencia de su estelar capit\u00e1n, Edison Azcona por acumulaci\u00f3n de tarjetas.<\/p>\n<p>La tricolor necesita ganar para dejar sin opciones clasificatorias a Belice (4 puntos) y recuperar el liderato del Grupo B que por ahora tiene Santa Luc\u00eda con un punto (7) y un partido m\u00e1s, y a quien enfrentar\u00e1 el s\u00e1bado. El empate tambi\u00e9n le sirve, pero dejar\u00eda abiertas las posibilidades para los tres pa\u00edses en la jornada sabatina. Solo avanzar\u00e1 el que finalice primero.<\/p>\n<p>El equipo se ha mantenido trabajando completo durante la semana, aunque el cuerpo t\u00e9cnico se mantiene atento a la evoluci\u00f3n del defensor Sebasti\u00e1n Ma\u00f1\u00f3n, quien termin\u00f3 el partido anterior con una peque\u00f1a molestia en el cu\u00e1driceps de la pierna derecha.<\/p>\n<p>El seleccionador nacional Walter Ben\u00edtez se ver\u00e1 obligado a realizar ajustes en el once inicial debido a la baja de Azcona y adem\u00e1s pensando en la estrategia a plantear para intentar ganar el partido.<\/p>\n<p>\u201cHasta el momento todos est\u00e1n bien, Ma\u00f1\u00f3n con una peque\u00f1a molestia que esperamos con el seguimiento del fisioterapeuta se mejore. En el medio colocaremos a Steven (Mart\u00ednez) como volante defensivo, mientras que \u00c1ngel (Montes De Oca) y Yordy (\u00c1lvarez) ir\u00e1n como volantes creativos. Adonis (Vargas) continuar\u00e1 en el lateral\u201d, manifest\u00f3 el director t\u00e9cnico.<\/p>\n<p>El estratega cubano al servicio de la Sedof\u00fatbol U20 coment\u00f3 que han estado trabajando en los movimientos defensivos para afinar los detalles a la hora de afrontar el juego directo de los rivales. En la faceta ofensiva espera que sus chicos no est\u00e9n tan ansiosos para finalizar o definir las jugadas y que puedan mantener el buen juego generado desde la mitad de la cancha hasta ahora.<\/p>\n<p>Rep\u00fablica Dominicana viene de ganar 6-0 a Anguila el pasado viernes y 2-0 frente a San Mart\u00edn el domingo. El martes le correspondi\u00f3 descanso, mientras que Belice empat\u00f3 a cero con Santa Luc\u00eda en el debut y derrot\u00f3 6-1 a San Mart\u00edn el martes.<\/p>\n<p>Por el combinado patrio se han encontrado con las redes en los dos partidos previos Jason Yambatis Joseph (2), Klefer Martes, Diefry Mens\u00fa, Adonis Vargas, Edison Azcona y Bryan More. La otra diana en favor de RD fue un gol en propia puerta por parte del defensor de Anguila, Caleb Bryan.<\/p>\n<p>El partido ser\u00e1 transmitido a trav\u00e9s del canal de Youtube de la Federaci\u00f3n Dominicana de F\u00fatbol (Fedof\u00fatbol Oficial) y la boleta tendr\u00e1 un costo de 100 al p\u00fablico.<\/p>\n","protected":false},"excerpt":{"rendered":"<p>El partido de Concacaf en ruta a la Copa Mundial Indonesia 2023 ser\u00e1 a las 7:00 de la noche.<\/p>\n","protected":false},"author":13,"featured_media":98450,"comment_status":"closed","ping_status":"closed","sticky":false,"template":"","format":"standard","meta":[],"categories":[3,2],"tags":[79775],"acf":[],"_links":{"self":[{"href":"https:\/\/colimdo.org\/wp-api\/wp\/v2\/posts\/98447"}],"collection":[{"href":"https:\/\/colimdo.org\/wp-api\/wp\/v2\/posts"}],"about":[{"href":"https:\/\/colimdo.org\/wp-api\/wp\/v2\/types\/post"}],"author":[{"embeddable":true,"href":"https:\/\/colimdo.org\/wp-api\/wp\/v2\/users\/13"}],"replies":[{"embeddable":true,"href":"https:\/\/colimdo.org\/wp-api\/wp\/v2\/comments?post=98447"}],"version-history":[{"count":1,"href":"https:\/\/colimdo.org\/wp-api\/wp\/v2\/posts\/98447\/revisions"}],"predecessor-version":[{"id":98451,"href":"https:\/\/colimdo.org\/wp-api\/wp\/v2\/posts\/98447\/revisions\/98451"}],"wp:featuredmedia":[{"embeddable":true,"href":"https:\/\/colimdo.org\/wp-api\/wp\/v2\/media\/98450"}],"wp:attachment":[{"href":"https:\/\/colimdo.org\/wp-api\/wp\/v2\/media?parent=98447"}],"wp:term":[{"taxonomy":"category","embeddable":true,"href":"https:\/\/colimdo.org\/wp-api\/wp\/v2\/categories?post=98447"},{"taxonomy":"post_tag","embeddable":true,"href":"https:\/\/colimdo.org\/wp-api\/wp\/v2\/tags?post=98447"}],"curies":[{"name":"wp","href":"https:\/\/api.w.org\/{rel}","templated":true}]}}