{"id":98742,"date":"2021-11-18T00:46:32","date_gmt":"2021-11-18T00:46:32","guid":{"rendered":"https:\/\/colimdo.org\/?p=98742"},"modified":"2021-11-18T04:50:58","modified_gmt":"2021-11-18T04:50:58","slug":"inicia-curso-instructores-entrenadores-impartido-concacaf","status":"publish","type":"post","link":"https:\/\/colimdo.org\/noticias\/inicia-curso-instructores-entrenadores-impartido-concacaf\/","title":{"rendered":"Fedof\u00fatbol y Concacaf inician curso para entrenadores"},"content":{"rendered":"<p class=\"x_MsoNormal\"><span lang=\"ES-VE\"><strong>SANTO DOMINGO.-<\/strong> La Federaci\u00f3n Dominicana de F\u00fatbol (Fedof\u00fatbol) dio inicio este martes 16 de noviembre al Curso Internacional Para Instructores de Entrenadores impartido por la Confederaci\u00f3n de Norte, Centroam\u00e9rica y El Caribe (Concacaf) en la sede del Centro de Alto Rendimiento de la Fedof\u00fatbol, ubicada en San Crist\u00f3bal.<\/span><\/p>\n<p class=\"x_MsoNormal\"><span lang=\"ES-VE\">El evento se desarrollar\u00e1 hasta el s\u00e1bado 20 del presente mes con capacitaci\u00f3n y evaluaci\u00f3n te\u00f3rica y pr\u00e1ctica.<\/span><\/p>\n<p class=\"x_MsoNormal\"><span lang=\"ES-VE\">La ceremonia de apertura cont\u00f3 con el presidente de la Fedof\u00fatbol Rub\u00e9n Garc\u00eda Cipri\u00e1n, quien agradeci\u00f3 a los representantes de la Concacaf que llegaron al pa\u00eds para ofrecer sus conocimientos, as\u00ed como exhort\u00f3 a los participantes a sacarle el mayor provecho a este programa de capacitaci\u00f3n que busca mejorar la calidad de los entrenadores en el pa\u00eds para el beneficio del f\u00fatbol nacional en el futuro.<\/span><\/p>\n<p class=\"x_MsoNormal\"><span lang=\"ES-VE\">El curso est\u00e1 siendo impartido por los instructores de Concacaf Lu\u00eds baja (Costa Rica), Eduardo Rergis (M\u00e9xico), coordinados por V\u00edctor Hugo Estrada (Guatemala), adem\u00e1s de Isidro Alejo N\u00fa\u00f1ez en calidad de gerente de desarrollo t\u00e9cnico de la Fedof\u00fatbol. Del mismo modo la actividad cuenta con la atenci\u00f3n de la direcci\u00f3n de desarrollo de la Fedof\u00fatbol en la persona de Yelena Hazim.<\/span><\/p>\n<p class=\"x_MsoNormal\"><span lang=\"ES-VE\">En el programa formativo est\u00e1n participando 29 entrenadores de f\u00fatbol provenientes de diferentes provincias del pa\u00eds, quienes ser\u00e1n evaluados para obtener el certificado que los acreditar\u00e1 como Instructores de Entrenadores de F\u00fatbol Licencia C Nacional: Entrenador de F\u00fatbol Amateur; dentro del sistema de licencias de entrenadores de la Rep\u00fablica Dominicana y Concacaf.<\/span><\/p>\n","protected":false},"excerpt":{"rendered":"<p>El evento se desarrollar\u00e1 hasta el s\u00e1bado 20 del presente mes con capacitaci\u00f3n y evaluaci\u00f3n te\u00f3rica y pr\u00e1ctica.<\/p>\n","protected":false},"author":19,"featured_media":98743,"comment_status":"closed","ping_status":"closed","sticky":false,"template":"","format":"standard","meta":[],"categories":[3,2],"tags":[79775],"acf":[],"_links":{"self":[{"href":"https:\/\/colimdo.org\/wp-api\/wp\/v2\/posts\/98742"}],"collection":[{"href":"https:\/\/colimdo.org\/wp-api\/wp\/v2\/posts"}],"about":[{"href":"https:\/\/colimdo.org\/wp-api\/wp\/v2\/types\/post"}],"author":[{"embeddable":true,"href":"https:\/\/colimdo.org\/wp-api\/wp\/v2\/users\/19"}],"replies":[{"embeddable":true,"href":"https:\/\/colimdo.org\/wp-api\/wp\/v2\/comments?post=98742"}],"version-history":[{"count":4,"href":"https:\/\/colimdo.org\/wp-api\/wp\/v2\/posts\/98742\/revisions"}],"predecessor-version":[{"id":98762,"href":"https:\/\/colimdo.org\/wp-api\/wp\/v2\/posts\/98742\/revisions\/98762"}],"wp:featuredmedia":[{"embeddable":true,"href":"https:\/\/colimdo.org\/wp-api\/wp\/v2\/media\/98743"}],"wp:attachment":[{"href":"https:\/\/colimdo.org\/wp-api\/wp\/v2\/media?parent=98742"}],"wp:term":[{"taxonomy":"category","embeddable":true,"href":"https:\/\/colimdo.org\/wp-api\/wp\/v2\/categories?post=98742"},{"taxonomy":"post_tag","embeddable":true,"href":"https:\/\/colimdo.org\/wp-api\/wp\/v2\/tags?post=98742"}],"curies":[{"name":"wp","href":"https:\/\/api.w.org\/{rel}","templated":true}]}}