{"id":98753,"date":"2021-11-18T04:20:11","date_gmt":"2021-11-18T04:20:11","guid":{"rendered":"https:\/\/colimdo.org\/?p=98753"},"modified":"2021-11-18T04:48:08","modified_gmt":"2021-11-18T04:48:08","slug":"ichiro-sera-exaltado-al-salon-la-fama-marineros-agosto","status":"publish","type":"post","link":"https:\/\/colimdo.org\/noticias\/ichiro-sera-exaltado-al-salon-la-fama-marineros-agosto\/","title":{"rendered":"Ichiro ser\u00e1 exaltado al Sal\u00f3n de la Fama de Marineros en agosto"},"content":{"rendered":"<p>Los Marineros de Seattle incluir\u00e1n a Ichiro Suzuki en el Sal\u00f3n de la Fama del equipo durante la temporada 2022, anunci\u00f3 el club el mi\u00e9rcoles.<\/p>\n<p>Suzuki ser\u00e1 honrado el 27 de agosto cuando Seattle se enfrente a los Guardianes de Cleveland.<\/p>\n<p>&#8220;Los fan\u00e1ticos de los Marineros tuvieron la suerte de haber visto a Ichiro Suzuki realizar su magia en el plato y en el campo durante m\u00e1s de una d\u00e9cada con el uniforme de los Mariners&#8221;, dijo el presidente del equipo, John Stanton, en un comunicado.<\/p>\n<p>Suzuki pas\u00f3 parte de 14 temporadas con los Mariners antes de retirarse en marzo de 2019 despu\u00e9s de que Seattle abriera la temporada con juegos en su pa\u00eds de origen, Jap\u00f3n. Suzuki fue 10 veces All-Star y 10 veces ganador del Guante de Oro, gan\u00f3 dos t\u00edtulos de bateo y fue el Novato del A\u00f1o 2001 y MVP en su temporada de debut con los Mariners.<\/p>\n<p>Suzuki tambi\u00e9n jug\u00f3 para los New York Yankees y Miami Marlins.<\/p>\n<p>Suzuki es actualmente instructor de los Mariners y trabaja con los equipos de Grandes Ligas y Triple-A. Ser\u00e1 elegible para el Sal\u00f3n de la Fama del B\u00e9isbol en 2025.<\/p>\n","protected":false},"excerpt":{"rendered":"<p>Ichiro ser\u00e1 honrado el 27 de agosto cuando Seattle se enfrente a los Guardianes de Cleveland.<\/p>\n","protected":false},"author":19,"featured_media":98754,"comment_status":"closed","ping_status":"closed","sticky":false,"template":"","format":"standard","meta":[],"categories":[79916,2],"tags":[79768],"acf":[],"_links":{"self":[{"href":"https:\/\/colimdo.org\/wp-api\/wp\/v2\/posts\/98753"}],"collection":[{"href":"https:\/\/colimdo.org\/wp-api\/wp\/v2\/posts"}],"about":[{"href":"https:\/\/colimdo.org\/wp-api\/wp\/v2\/types\/post"}],"author":[{"embeddable":true,"href":"https:\/\/colimdo.org\/wp-api\/wp\/v2\/users\/19"}],"replies":[{"embeddable":true,"href":"https:\/\/colimdo.org\/wp-api\/wp\/v2\/comments?post=98753"}],"version-history":[{"count":1,"href":"https:\/\/colimdo.org\/wp-api\/wp\/v2\/posts\/98753\/revisions"}],"predecessor-version":[{"id":98755,"href":"https:\/\/colimdo.org\/wp-api\/wp\/v2\/posts\/98753\/revisions\/98755"}],"wp:featuredmedia":[{"embeddable":true,"href":"https:\/\/colimdo.org\/wp-api\/wp\/v2\/media\/98754"}],"wp:attachment":[{"href":"https:\/\/colimdo.org\/wp-api\/wp\/v2\/media?parent=98753"}],"wp:term":[{"taxonomy":"category","embeddable":true,"href":"https:\/\/colimdo.org\/wp-api\/wp\/v2\/categories?post=98753"},{"taxonomy":"post_tag","embeddable":true,"href":"https:\/\/colimdo.org\/wp-api\/wp\/v2\/tags?post=98753"}],"curies":[{"name":"wp","href":"https:\/\/api.w.org\/{rel}","templated":true}]}}