{"id":98793,"date":"2021-11-19T01:51:02","date_gmt":"2021-11-19T01:51:02","guid":{"rendered":"https:\/\/colimdo.org\/?p=98793"},"modified":"2021-11-19T01:51:02","modified_gmt":"2021-11-19T01:51:02","slug":"fenapepro-dara-inicio-proceso-acreditacion-dia-leyendas","status":"publish","type":"post","link":"https:\/\/colimdo.org\/noticias\/fenapepro-dara-inicio-proceso-acreditacion-dia-leyendas\/","title":{"rendered":"Fenapepro dar\u00e1 inicio a proceso acreditaci\u00f3n para D\u00eda de Leyendas"},"content":{"rendered":"<p><strong>SANTO DOMINGO.<\/strong> La Federaci\u00f3n Nacional de Peloteros Profesionales anunci\u00f3 el jueves que el proceso de acreditaci\u00f3n de la prensa para la celebraci\u00f3n del D\u00eda de Leyendas se llevar\u00e1 a cabo del 22 al 26 de noviembre del a\u00f1o en curso.<\/p>\n<p>El evento se realizar\u00e1 el 5 de diciembre y la prensa tendr\u00e1 acceso al Estadio Quisqueya Juan Marichal desde las 3 p.m. El p\u00fablico general podr\u00e1 ingresar al parque desde las 4 p.m.<\/p>\n<p>Debido a las medidas sanitarias relacionadas con el Covid-19 habr\u00e1 restricciones tanto del Ministerio de Salud P\u00fablica como de la Major League Baseball Players Association.<\/p>\n<p>Una vez finalizado el proceso, los medios y miembros de la prensa aprobados ser\u00e1n notificados por correo electr\u00f3nico.<\/p>\n<p>El D\u00eda de Leyendas beneficiar\u00e1 al Fondo para la Ni\u00f1ez David Ortiz, que ha operado a m\u00e1s de mil ni\u00f1os con problemas card\u00edacos.<\/p>\n<p>El D\u00eda de Leyendas cuenta con el patrocinio de Banreservas y Cervecer\u00eda Nacional Dominicana, as\u00ed como el copatrocinio de Johnnie Walker, Mercasid y Casa Brugal.<\/p>\n<p>Decenas de jugadores de Grandes Ligas dominicanos y venezolanos han confirmado su presencia en la actividad, que contar\u00e1 con un Derby de Jonrones de los peloteros de Lidom y una competencia de cuadrangulares de softbol con celebridades de Grandes Ligas.<\/p>\n<div class=\"in-content-info 3 0\"><\/div>\n<div class=\"in-content\"><\/div>\n","protected":false},"excerpt":{"rendered":"<p>El evento se realizar\u00e1 el 5 de diciembre y la prensa tendr\u00e1 acceso al Estadio Quisqueya Juan Marichal desde las 3 p.m. <\/p>\n","protected":false},"author":19,"featured_media":98794,"comment_status":"closed","ping_status":"closed","sticky":false,"template":"","format":"standard","meta":[],"categories":[3,2],"tags":[79768],"acf":[],"_links":{"self":[{"href":"https:\/\/colimdo.org\/wp-api\/wp\/v2\/posts\/98793"}],"collection":[{"href":"https:\/\/colimdo.org\/wp-api\/wp\/v2\/posts"}],"about":[{"href":"https:\/\/colimdo.org\/wp-api\/wp\/v2\/types\/post"}],"author":[{"embeddable":true,"href":"https:\/\/colimdo.org\/wp-api\/wp\/v2\/users\/19"}],"replies":[{"embeddable":true,"href":"https:\/\/colimdo.org\/wp-api\/wp\/v2\/comments?post=98793"}],"version-history":[{"count":1,"href":"https:\/\/colimdo.org\/wp-api\/wp\/v2\/posts\/98793\/revisions"}],"predecessor-version":[{"id":98795,"href":"https:\/\/colimdo.org\/wp-api\/wp\/v2\/posts\/98793\/revisions\/98795"}],"wp:featuredmedia":[{"embeddable":true,"href":"https:\/\/colimdo.org\/wp-api\/wp\/v2\/media\/98794"}],"wp:attachment":[{"href":"https:\/\/colimdo.org\/wp-api\/wp\/v2\/media?parent=98793"}],"wp:term":[{"taxonomy":"category","embeddable":true,"href":"https:\/\/colimdo.org\/wp-api\/wp\/v2\/categories?post=98793"},{"taxonomy":"post_tag","embeddable":true,"href":"https:\/\/colimdo.org\/wp-api\/wp\/v2\/tags?post=98793"}],"curies":[{"name":"wp","href":"https:\/\/api.w.org\/{rel}","templated":true}]}}